{"id":997,"date":"2018-09-17T00:00:00","date_gmt":"2018-09-17T00:00:00","guid":{"rendered":"https:\/\/www.colegioaltamira.com.ar\/sitio\/rematriculacion-y-matriculacion-2019\/"},"modified":"2018-09-17T00:00:00","modified_gmt":"2018-09-17T00:00:00","slug":"rematriculacion-y-matriculacion-2019","status":"publish","type":"post","link":"https:\/\/www.colegioaltamira.com.ar\/sitio\/rematriculacion-y-matriculacion-2019\/","title":{"rendered":"REMATRICULACI\u00d3N Y MATRICULACI\u00d3N 2019"},"content":{"rendered":"<p class=\"sitio_noticia_volanta\" >REMATRICULACI\u00d3N<\/p>\n<h3>REMATRICULACI\u00d3N Y MATRICULACI\u00d3N 2019<\/h3>\n<p class=\"sitio_noticia_copete\" >Informate!<\/p>\n<hr class=\"sitio_noticia_contenido\" \/>\n<p >\n<p><strong><u>REMATRICULACI&Oacute;N 2019<\/u><\/strong><\/p>\n<p>Sres. Padres: la reserva de la banca para los niveles: INICIAL, PRIMARIO Y SECUNDARIO de los alumnos de la instituci&oacute;n,&nbsp; se realizar&aacute; desde el 1ro&nbsp; hasta el 19 inclusive del mes de Octubre del corriente a&ntilde;o, en horario de 8 a 14hs.<\/p>\n<p><strong>Retirar planillas por Administraci&oacute;n.-<\/strong><\/p>\n<p><u>REQUISITOS PARA LA RESERVA:<\/u><\/p>\n<ul>\n<li><strong>Tener las cuotas al d&iacute;a<\/strong> (<strong>incluidas las cuotas de Octubre y RESERVA DE VACANTE<\/strong>)<\/li>\n<li><strong>No haber incurrido en calidad de moroso durante el a&ntilde;o.<\/strong><\/li>\n<\/ul>\n<p>Los alumnos deber&aacute;n ser reinscriptos por sus padres o responsables.<\/p>\n<p><strong>Finalizado periodo de inscripci&oacute;n, NO habr&aacute; derecho a banca para el pr&oacute;ximo a&ntilde;o.<\/strong><\/p>\n<p>&nbsp;<\/p>\n<p><strong><u>MATRICULACI&Oacute;N 2019<\/u><\/strong><\/p>\n<p>Recordamos a los pap&aacute;s que la inscripci&oacute;n de hermanos que no se encuentren escolarizados en la Instituci&oacute;n, se realizar&aacute; en la direcci&oacute;n del nivel correspondiente desde el 29 de Octubre hasta el 2 de Noviembre<\/p><\/p>\n","protected":false},"excerpt":{"rendered":"<p>REMATRICULACI\u00d3N REMATRICULACI\u00d3N Y MATRICULACI\u00d3N 2019 Informate! REMATRICULACI&Oacute;N 2019 Sres. Padres: la reserva de la banca para los niveles: INICIAL, PRIMARIO Y SECUNDARIO de los alumnos de la instituci&oacute;n,&nbsp; se realizar&aacute; desde el 1ro&nbsp; hasta el 19 inclusive del mes de Octubre del corriente a&ntilde;o, en horario de 8 a 14hs. Retirar planillas por Administraci&oacute;n.- REQUISITOS &#8230; <a title=\"REMATRICULACI\u00d3N Y MATRICULACI\u00d3N 2019\" class=\"read-more\" href=\"https:\/\/www.colegioaltamira.com.ar\/sitio\/rematriculacion-y-matriculacion-2019\/\" aria-label=\"More on REMATRICULACI\u00d3N Y MATRICULACI\u00d3N 2019\">[+]<\/a><\/p>\n","protected":false},"author":1449,"featured_media":0,"comment_status":"open","ping_status":"open","sticky":false,"template":"","format":"standard","meta":[],"categories":[18,23],"tags":[],"acf":[],"_links":{"self":[{"href":"https:\/\/www.colegioaltamira.com.ar\/sitio\/wp-json\/wp\/v2\/posts\/997"}],"collection":[{"href":"https:\/\/www.colegioaltamira.com.ar\/sitio\/wp-json\/wp\/v2\/posts"}],"about":[{"href":"https:\/\/www.colegioaltamira.com.ar\/sitio\/wp-json\/wp\/v2\/types\/post"}],"author":[{"embeddable":true,"href":"https:\/\/www.colegioaltamira.com.ar\/sitio\/wp-json\/wp\/v2\/users\/1449"}],"replies":[{"embeddable":true,"href":"https:\/\/www.colegioaltamira.com.ar\/sitio\/wp-json\/wp\/v2\/comments?post=997"}],"version-history":[{"count":0,"href":"https:\/\/www.colegioaltamira.com.ar\/sitio\/wp-json\/wp\/v2\/posts\/997\/revisions"}],"wp:attachment":[{"href":"https:\/\/www.colegioaltamira.com.ar\/sitio\/wp-json\/wp\/v2\/media?parent=997"}],"wp:term":[{"taxonomy":"category","embeddable":true,"href":"https:\/\/www.colegioaltamira.com.ar\/sitio\/wp-json\/wp\/v2\/categories?post=997"},{"taxonomy":"post_tag","embeddable":true,"href":"https:\/\/www.colegioaltamira.com.ar\/sitio\/wp-json\/wp\/v2\/tags?post=997"}],"curies":[{"name":"wp","href":"https:\/\/api.w.org\/{rel}","templated":true}]}}