{"id":8555,"date":"2026-09-04T19:43:48","date_gmt":"2026-09-04T22:43:48","guid":{"rendered":"https:\/\/www.colegioaltamira.com.ar\/sitio\/?p=8555"},"modified":"2026-09-04T19:43:49","modified_gmt":"2026-09-04T22:43:49","slug":"primera-cucha-entregada-al-caan","status":"publish","type":"post","link":"https:\/\/www.colegioaltamira.com.ar\/sitio\/primera-cucha-entregada-al-caan\/","title":{"rendered":"Primera cucha entregada al CAAN"},"content":{"rendered":"\n<p>Con orgullo celebramos la entrega de la <strong>1\u00aa cucha realizada \u00edntegramente con madera reciclada<\/strong>, fruto del compromiso y la creatividad de nuestros estudiantes en el <strong>Taller de Carpinter\u00eda<\/strong>, guiados por el profesor <strong>Mat\u00edas Serre<\/strong>.<\/p>\n\n\n\n<div class=\"wp-block-columns is-layout-flex wp-container-5\">\n<div class=\"wp-block-column is-vertically-aligned-center is-layout-flow\" style=\"flex-basis:33.33%\">\n<p class=\"has-text-align-center\">Este proyecto refleja valores de <strong>solidaridad, trabajo en equipo y cuidado del ambiente<\/strong>, transformando materiales en oportunidades que suman al bienestar de nuestra comunidad.<\/p>\n<\/div>\n\n\n\n<div class=\"wp-block-column is-layout-flow\" style=\"flex-basis:66.66%\">\n<figure class=\"wp-block-gallery has-nested-images columns-default is-cropped wp-block-gallery-2 is-layout-flex\">\n<figure class=\"wp-block-image size-large\"><img decoding=\"async\" loading=\"lazy\" width=\"719\" height=\"719\" src=\"https:\/\/www.colegioaltamira.com.ar\/sitio\/wp-content\/uploads\/2026\/09\/WhatsApp-Image-2026-09-04-at-16.09.37-edited.jpeg\" alt=\"\" class=\"wp-image-8558\" srcset=\"https:\/\/www.colegioaltamira.com.ar\/sitio\/wp-content\/uploads\/2026\/09\/WhatsApp-Image-2026-09-04-at-16.09.37-edited.jpeg 719w, https:\/\/www.colegioaltamira.com.ar\/sitio\/wp-content\/uploads\/2026\/09\/WhatsApp-Image-2026-09-04-at-16.09.37-edited-500x500.jpeg 500w\" sizes=\"(max-width: 719px) 100vw, 719px\" \/><\/figure>\n<\/figure>\n<\/div>\n<\/div>\n\n\n\n<h2 class=\"wp-block-heading\">Proceso de construcci\u00f3n<\/h2>\n\n\n\n<ul>\n<li>La cucha fue realizada desde cero por los estudiantes de <strong>3ros a\u00f1os de Nivel Secundario<\/strong>, quienes asumieron el desaf\u00edo de dise\u00f1ar y construir un producto \u00fatil y sostenible.<\/li>\n\n\n\n<li>Se finalizaron tambi\u00e9n las estructuras iniciadas en el <strong>Taller de Huerta<\/strong> (con la orientaci\u00f3n de los  profesores <strong>Lis Ullerup y Juan Garc\u00eda<\/strong>) cuando los alumnos estaban en 2\u00ba a\u00f1o, demostrando continuidad y compromiso en el aprendizaje.<\/li>\n<\/ul>\n\n\n\n<div class=\"wp-block-columns is-layout-flex wp-container-8\">\n<div class=\"wp-block-column is-layout-flow\" style=\"flex-basis:66.66%\">\n<figure class=\"wp-block-image size-full\"><img decoding=\"async\" loading=\"lazy\" width=\"1600\" height=\"719\" src=\"https:\/\/www.colegioaltamira.com.ar\/sitio\/wp-content\/uploads\/2026\/09\/techo-vivo.jpeg\" alt=\"\" class=\"wp-image-8559\" srcset=\"https:\/\/www.colegioaltamira.com.ar\/sitio\/wp-content\/uploads\/2026\/09\/techo-vivo.jpeg 1600w, https:\/\/www.colegioaltamira.com.ar\/sitio\/wp-content\/uploads\/2026\/09\/techo-vivo-1000x449.jpeg 1000w, https:\/\/www.colegioaltamira.com.ar\/sitio\/wp-content\/uploads\/2026\/09\/techo-vivo-768x345.jpeg 768w, https:\/\/www.colegioaltamira.com.ar\/sitio\/wp-content\/uploads\/2026\/09\/techo-vivo-1536x690.jpeg 1536w\" sizes=\"(max-width: 1600px) 100vw, 1600px\" \/><\/figure>\n<\/div>\n\n\n\n<div class=\"wp-block-column is-vertically-aligned-center is-layout-flow\" style=\"flex-basis:33.33%\">\n<p class=\"has-text-align-center\">Adem\u00e1s, se coloc\u00f3 y arm\u00f3 una <strong>cucha de techo vivo<\/strong>, integrando naturaleza y arquitectura sustentable.<\/p>\n<\/div>\n<\/div>\n\n\n\n<p>Para reforzar el espacio, se plantaron <strong>especies arb\u00f3reas en los laterales<\/strong>, formando una cortina de viento que protege y embellece el entorno.<\/p>\n\n\n\n<p>Este logro fue posible gracias a la articulaci\u00f3n entre el <strong>Taller de Huerta de 2\u00ba a\u00f1o<\/strong>, el <strong>Taller de Carpinter\u00eda de 3\u00ba a\u00f1o<\/strong> y el <strong>CAAN<\/strong>, mostrando c\u00f3mo la cooperaci\u00f3n entre distintas \u00e1reas potencia los resultados y fortalece el v\u00ednculo con la comunidad.<\/p>\n\n\n\n<figure class=\"wp-block-gallery has-nested-images columns-default is-cropped wp-block-gallery-9 is-layout-flex\">\n<figure class=\"wp-block-image size-large\"><img decoding=\"async\" loading=\"lazy\" width=\"1600\" height=\"719\" data-id=\"8561\"  src=\"https:\/\/www.colegioaltamira.com.ar\/sitio\/wp-content\/uploads\/2026\/09\/WhatsApp-Image-2026-09-04-at-16.09.39.jpeg\" alt=\"\" class=\"wp-image-8561\" srcset=\"https:\/\/www.colegioaltamira.com.ar\/sitio\/wp-content\/uploads\/2026\/09\/WhatsApp-Image-2026-09-04-at-16.09.39.jpeg 1600w, https:\/\/www.colegioaltamira.com.ar\/sitio\/wp-content\/uploads\/2026\/09\/WhatsApp-Image-2026-09-04-at-16.09.39-1000x449.jpeg 1000w, https:\/\/www.colegioaltamira.com.ar\/sitio\/wp-content\/uploads\/2026\/09\/WhatsApp-Image-2026-09-04-at-16.09.39-768x345.jpeg 768w, https:\/\/www.colegioaltamira.com.ar\/sitio\/wp-content\/uploads\/2026\/09\/WhatsApp-Image-2026-09-04-at-16.09.39-1536x690.jpeg 1536w\" sizes=\"(max-width: 1600px) 100vw, 1600px\" \/><\/figure>\n\n\n\n<figure class=\"wp-block-image size-large\"><img decoding=\"async\" loading=\"lazy\" width=\"1600\" height=\"719\" data-id=\"8562\"  src=\"https:\/\/www.colegioaltamira.com.ar\/sitio\/wp-content\/uploads\/2026\/09\/WhatsApp-Image-2026-09-04-at-16.09.16.jpeg\" alt=\"\" class=\"wp-image-8562\" srcset=\"https:\/\/www.colegioaltamira.com.ar\/sitio\/wp-content\/uploads\/2026\/09\/WhatsApp-Image-2026-09-04-at-16.09.16.jpeg 1600w, https:\/\/www.colegioaltamira.com.ar\/sitio\/wp-content\/uploads\/2026\/09\/WhatsApp-Image-2026-09-04-at-16.09.16-1000x449.jpeg 1000w, https:\/\/www.colegioaltamira.com.ar\/sitio\/wp-content\/uploads\/2026\/09\/WhatsApp-Image-2026-09-04-at-16.09.16-768x345.jpeg 768w, https:\/\/www.colegioaltamira.com.ar\/sitio\/wp-content\/uploads\/2026\/09\/WhatsApp-Image-2026-09-04-at-16.09.16-1536x690.jpeg 1536w\" sizes=\"(max-width: 1600px) 100vw, 1600px\" \/><\/figure>\n<\/figure>\n\n\n\n<figure class=\"wp-block-gallery has-nested-images columns-default is-cropped wp-block-gallery-11 is-layout-flex\">\n<figure class=\"wp-block-image size-large\"><img decoding=\"async\" loading=\"lazy\" width=\"1600\" height=\"719\" data-id=\"8563\"  src=\"https:\/\/www.colegioaltamira.com.ar\/sitio\/wp-content\/uploads\/2026\/09\/WhatsApp-Image-2026-09-04-at-16.09.46.jpeg\" alt=\"\" class=\"wp-image-8563\" srcset=\"https:\/\/www.colegioaltamira.com.ar\/sitio\/wp-content\/uploads\/2026\/09\/WhatsApp-Image-2026-09-04-at-16.09.46.jpeg 1600w, https:\/\/www.colegioaltamira.com.ar\/sitio\/wp-content\/uploads\/2026\/09\/WhatsApp-Image-2026-09-04-at-16.09.46-1000x449.jpeg 1000w, https:\/\/www.colegioaltamira.com.ar\/sitio\/wp-content\/uploads\/2026\/09\/WhatsApp-Image-2026-09-04-at-16.09.46-768x345.jpeg 768w, https:\/\/www.colegioaltamira.com.ar\/sitio\/wp-content\/uploads\/2026\/09\/WhatsApp-Image-2026-09-04-at-16.09.46-1536x690.jpeg 1536w\" sizes=\"(max-width: 1600px) 100vw, 1600px\" \/><\/figure>\n<\/figure>\n\n\n\n<h2 class=\"wp-block-heading\">Entrega institucional<\/h2>\n\n\n\n<p>La primera cucha fue entregada hoy, <strong>viernes 4 de agosto<\/strong>, al <strong>Centro de Ayuda al Animal Necochea (CAAN)<\/strong>, marcando un hito en la participaci\u00f3n solidaria de nuestros estudiantes.<\/p>\n\n\n\n<p>Felicitamos al <strong>Taller de Carpinter\u00eda<\/strong>, al <strong>Taller de Huerta<\/strong> y a cada estudiante que form\u00f3 parte de esta experiencia. La dedicaci\u00f3n puesta en cada detalle demuestra que la escuela es un espacio donde se aprende haciendo, y donde la creatividad se convierte en acci\u00f3n solidaria.<\/p>\n\n\n\n<figure class=\"wp-block-gallery has-nested-images columns-default is-cropped wp-block-gallery-13 is-layout-flex\">\n<figure class=\"wp-block-image size-large\"><img decoding=\"async\" loading=\"lazy\" width=\"1600\" height=\"719\" data-id=\"8564\"  src=\"https:\/\/www.colegioaltamira.com.ar\/sitio\/wp-content\/uploads\/2026\/09\/WhatsApp-Image-2026-09-04-at-16.09.45.jpeg\" alt=\"\" class=\"wp-image-8564\" srcset=\"https:\/\/www.colegioaltamira.com.ar\/sitio\/wp-content\/uploads\/2026\/09\/WhatsApp-Image-2026-09-04-at-16.09.45.jpeg 1600w, https:\/\/www.colegioaltamira.com.ar\/sitio\/wp-content\/uploads\/2026\/09\/WhatsApp-Image-2026-09-04-at-16.09.45-1000x449.jpeg 1000w, https:\/\/www.colegioaltamira.com.ar\/sitio\/wp-content\/uploads\/2026\/09\/WhatsApp-Image-2026-09-04-at-16.09.45-768x345.jpeg 768w, https:\/\/www.colegioaltamira.com.ar\/sitio\/wp-content\/uploads\/2026\/09\/WhatsApp-Image-2026-09-04-at-16.09.45-1536x690.jpeg 1536w\" sizes=\"(max-width: 1600px) 100vw, 1600px\" \/><\/figure>\n\n\n\n<figure class=\"wp-block-image size-large\"><img decoding=\"async\" loading=\"lazy\" width=\"1600\" height=\"719\" data-id=\"8565\"  src=\"https:\/\/www.colegioaltamira.com.ar\/sitio\/wp-content\/uploads\/2026\/09\/WhatsApp-Image-2026-09-04-at-16.09.41.jpeg\" alt=\"\" class=\"wp-image-8565\" srcset=\"https:\/\/www.colegioaltamira.com.ar\/sitio\/wp-content\/uploads\/2026\/09\/WhatsApp-Image-2026-09-04-at-16.09.41.jpeg 1600w, https:\/\/www.colegioaltamira.com.ar\/sitio\/wp-content\/uploads\/2026\/09\/WhatsApp-Image-2026-09-04-at-16.09.41-1000x449.jpeg 1000w, https:\/\/www.colegioaltamira.com.ar\/sitio\/wp-content\/uploads\/2026\/09\/WhatsApp-Image-2026-09-04-at-16.09.41-768x345.jpeg 768w, https:\/\/www.colegioaltamira.com.ar\/sitio\/wp-content\/uploads\/2026\/09\/WhatsApp-Image-2026-09-04-at-16.09.41-1536x690.jpeg 1536w\" sizes=\"(max-width: 1600px) 100vw, 1600px\" \/><\/figure>\n<\/figure>\n\n\n\n<figure class=\"wp-block-gallery has-nested-images columns-default is-cropped wp-block-gallery-15 is-layout-flex\">\n<figure class=\"wp-block-image size-large\"><img decoding=\"async\" loading=\"lazy\" width=\"1600\" height=\"719\" data-id=\"8566\"  src=\"https:\/\/www.colegioaltamira.com.ar\/sitio\/wp-content\/uploads\/2026\/09\/WhatsApp-Image-2026-09-04-at-16.09.40.jpeg\" alt=\"\" class=\"wp-image-8566\" srcset=\"https:\/\/www.colegioaltamira.com.ar\/sitio\/wp-content\/uploads\/2026\/09\/WhatsApp-Image-2026-09-04-at-16.09.40.jpeg 1600w, https:\/\/www.colegioaltamira.com.ar\/sitio\/wp-content\/uploads\/2026\/09\/WhatsApp-Image-2026-09-04-at-16.09.40-1000x449.jpeg 1000w, https:\/\/www.colegioaltamira.com.ar\/sitio\/wp-content\/uploads\/2026\/09\/WhatsApp-Image-2026-09-04-at-16.09.40-768x345.jpeg 768w, https:\/\/www.colegioaltamira.com.ar\/sitio\/wp-content\/uploads\/2026\/09\/WhatsApp-Image-2026-09-04-at-16.09.40-1536x690.jpeg 1536w\" sizes=\"(max-width: 1600px) 100vw, 1600px\" \/><\/figure>\n<\/figure>\n","protected":false},"excerpt":{"rendered":"<p>Con orgullo celebramos la entrega de la 1\u00aa cucha realizada \u00edntegramente con madera reciclada, fruto del compromiso y la creatividad de nuestros estudiantes en el Taller de Carpinter\u00eda, guiados por el profesor Mat\u00edas Serre. Este proyecto refleja valores de solidaridad, trabajo en equipo y cuidado del ambiente, transformando materiales en oportunidades que suman al bienestar &#8230; <a title=\"Primera cucha entregada al CAAN\" class=\"read-more\" href=\"https:\/\/www.colegioaltamira.com.ar\/sitio\/primera-cucha-entregada-al-caan\/\" aria-label=\"More on Primera cucha entregada al CAAN\">[+]<\/a><\/p>\n","protected":false},"author":1434,"featured_media":8556,"comment_status":"open","ping_status":"open","sticky":false,"template":"","format":"standard","meta":[],"categories":[1],"tags":[26],"acf":[],"_links":{"self":[{"href":"https:\/\/www.colegioaltamira.com.ar\/sitio\/wp-json\/wp\/v2\/posts\/8555"}],"collection":[{"href":"https:\/\/www.colegioaltamira.com.ar\/sitio\/wp-json\/wp\/v2\/posts"}],"about":[{"href":"https:\/\/www.colegioaltamira.com.ar\/sitio\/wp-json\/wp\/v2\/types\/post"}],"author":[{"embeddable":true,"href":"https:\/\/www.colegioaltamira.com.ar\/sitio\/wp-json\/wp\/v2\/users\/1434"}],"replies":[{"embeddable":true,"href":"https:\/\/www.colegioaltamira.com.ar\/sitio\/wp-json\/wp\/v2\/comments?post=8555"}],"version-history":[{"count":1,"href":"https:\/\/www.colegioaltamira.com.ar\/sitio\/wp-json\/wp\/v2\/posts\/8555\/revisions"}],"predecessor-version":[{"id":8570,"href":"https:\/\/www.colegioaltamira.com.ar\/sitio\/wp-json\/wp\/v2\/posts\/8555\/revisions\/8570"}],"wp:featuredmedia":[{"embeddable":true,"href":"https:\/\/www.colegioaltamira.com.ar\/sitio\/wp-json\/wp\/v2\/media\/8556"}],"wp:attachment":[{"href":"https:\/\/www.colegioaltamira.com.ar\/sitio\/wp-json\/wp\/v2\/media?parent=8555"}],"wp:term":[{"taxonomy":"category","embeddable":true,"href":"https:\/\/www.colegioaltamira.com.ar\/sitio\/wp-json\/wp\/v2\/categories?post=8555"},{"taxonomy":"post_tag","embeddable":true,"href":"https:\/\/www.colegioaltamira.com.ar\/sitio\/wp-json\/wp\/v2\/tags?post=8555"}],"curies":[{"name":"wp","href":"https:\/\/api.w.org\/{rel}","templated":true}]}}