{"id":8542,"date":"2026-08-31T20:18:00","date_gmt":"2026-08-31T23:18:00","guid":{"rendered":"https:\/\/www.colegioaltamira.com.ar\/sitio\/?p=8542"},"modified":"2026-08-31T20:18:01","modified_gmt":"2026-08-31T23:18:01","slug":"la-escuela-danesa-campeona-regional-en-voley-y-atletismo-en-jebo","status":"publish","type":"post","link":"https:\/\/www.colegioaltamira.com.ar\/sitio\/la-escuela-danesa-campeona-regional-en-voley-y-atletismo-en-jebo\/","title":{"rendered":"La Escuela Danesa, campeona regional en V\u00f3ley y Atletismo en JEBO"},"content":{"rendered":"\n<p>La <strong>primaria del Colegio Argentino Dan\u00e9s<\/strong> particip\u00f3 en el <strong>Encuentro Regional JEBO<\/strong> realizado en San Cayetano, un evento que re\u00fane a los mejores deportistas en edad escolar de la regi\u00f3n.<\/p>\n\n\n\n<div class=\"wp-block-columns is-layout-flex wp-container-5\">\n<div class=\"wp-block-column is-vertically-aligned-center is-layout-flow\" style=\"flex-basis:33.33%\">\n<p class=\"has-text-align-center\">En esta edici\u00f3n, nuestros estudiantes compitieron en <strong>V\u00f3ley y Atletismo<\/strong>, destac\u00e1ndose por su esfuerzo, disciplina y esp\u00edritu de equipo. El resultado fue hist\u00f3rico: la Escuela Danesa se consagr\u00f3 <strong>campeona regional en ambas disciplinas<\/strong>, consolidando su liderazgo como referente deportivo de Necochea.<\/p>\n<\/div>\n\n\n\n<div class=\"wp-block-column is-layout-flow\" style=\"flex-basis:66.66%\">\n<figure class=\"wp-block-gallery has-nested-images columns-default is-cropped wp-block-gallery-2 is-layout-flex\">\n<figure class=\"wp-block-image size-large\"><img decoding=\"async\" loading=\"lazy\" width=\"900\" height=\"1600\" src=\"https:\/\/www.colegioaltamira.com.ar\/sitio\/wp-content\/uploads\/2026\/08\/WhatsApp-Image-2026-08-31-at-20.01.11-1.jpeg\" alt=\"\" class=\"wp-image-8544\" srcset=\"https:\/\/www.colegioaltamira.com.ar\/sitio\/wp-content\/uploads\/2026\/08\/WhatsApp-Image-2026-08-31-at-20.01.11-1.jpeg 900w, https:\/\/www.colegioaltamira.com.ar\/sitio\/wp-content\/uploads\/2026\/08\/WhatsApp-Image-2026-08-31-at-20.01.11-1-563x1000.jpeg 563w, https:\/\/www.colegioaltamira.com.ar\/sitio\/wp-content\/uploads\/2026\/08\/WhatsApp-Image-2026-08-31-at-20.01.11-1-768x1365.jpeg 768w, https:\/\/www.colegioaltamira.com.ar\/sitio\/wp-content\/uploads\/2026\/08\/WhatsApp-Image-2026-08-31-at-20.01.11-1-864x1536.jpeg 864w\" sizes=\"(max-width: 900px) 100vw, 900px\" \/><\/figure>\n\n\n\n<figure class=\"wp-block-image size-large\"><img decoding=\"async\" loading=\"lazy\" width=\"1200\" height=\"1600\" src=\"https:\/\/www.colegioaltamira.com.ar\/sitio\/wp-content\/uploads\/2026\/08\/WhatsApp-Image-2026-08-31-at-20.01.11-2.jpeg\" alt=\"\" class=\"wp-image-8545\" srcset=\"https:\/\/www.colegioaltamira.com.ar\/sitio\/wp-content\/uploads\/2026\/08\/WhatsApp-Image-2026-08-31-at-20.01.11-2.jpeg 1200w, https:\/\/www.colegioaltamira.com.ar\/sitio\/wp-content\/uploads\/2026\/08\/WhatsApp-Image-2026-08-31-at-20.01.11-2-750x1000.jpeg 750w, https:\/\/www.colegioaltamira.com.ar\/sitio\/wp-content\/uploads\/2026\/08\/WhatsApp-Image-2026-08-31-at-20.01.11-2-768x1024.jpeg 768w, https:\/\/www.colegioaltamira.com.ar\/sitio\/wp-content\/uploads\/2026\/08\/WhatsApp-Image-2026-08-31-at-20.01.11-2-1152x1536.jpeg 1152w\" sizes=\"(max-width: 1200px) 100vw, 1200px\" \/><\/figure>\n<\/figure>\n<\/div>\n<\/div>\n\n\n\n<p>Este logro refleja el compromiso de toda la comunidad educativa: alumnos que entrenan con pasi\u00f3n, docentes que acompa\u00f1an con dedicaci\u00f3n y familias que apoyan cada paso del camino.<\/p>\n\n\n\n<p>Felicitamos a los equipos y los docentes!!<\/p>\n\n\n\n<figure class=\"wp-block-gallery has-nested-images columns-default is-cropped wp-block-gallery-6 is-layout-flex\">\n<figure class=\"wp-block-image size-large\"><img decoding=\"async\" loading=\"lazy\" width=\"1200\" height=\"1600\" data-id=\"8546\"  src=\"https:\/\/www.colegioaltamira.com.ar\/sitio\/wp-content\/uploads\/2026\/08\/WhatsApp-Image-2026-08-31-at-20.01.12.jpeg\" alt=\"\" class=\"wp-image-8546\" srcset=\"https:\/\/www.colegioaltamira.com.ar\/sitio\/wp-content\/uploads\/2026\/08\/WhatsApp-Image-2026-08-31-at-20.01.12.jpeg 1200w, https:\/\/www.colegioaltamira.com.ar\/sitio\/wp-content\/uploads\/2026\/08\/WhatsApp-Image-2026-08-31-at-20.01.12-750x1000.jpeg 750w, https:\/\/www.colegioaltamira.com.ar\/sitio\/wp-content\/uploads\/2026\/08\/WhatsApp-Image-2026-08-31-at-20.01.12-768x1024.jpeg 768w, https:\/\/www.colegioaltamira.com.ar\/sitio\/wp-content\/uploads\/2026\/08\/WhatsApp-Image-2026-08-31-at-20.01.12-1152x1536.jpeg 1152w\" sizes=\"(max-width: 1200px) 100vw, 1200px\" \/><\/figure>\n\n\n\n<figure class=\"wp-block-image size-large\"><img decoding=\"async\" loading=\"lazy\" width=\"1200\" height=\"1600\" data-id=\"8547\"  src=\"https:\/\/www.colegioaltamira.com.ar\/sitio\/wp-content\/uploads\/2026\/08\/WhatsApp-Image-2026-08-31-at-20.01.46.jpeg\" alt=\"\" class=\"wp-image-8547\" srcset=\"https:\/\/www.colegioaltamira.com.ar\/sitio\/wp-content\/uploads\/2026\/08\/WhatsApp-Image-2026-08-31-at-20.01.46.jpeg 1200w, https:\/\/www.colegioaltamira.com.ar\/sitio\/wp-content\/uploads\/2026\/08\/WhatsApp-Image-2026-08-31-at-20.01.46-750x1000.jpeg 750w, https:\/\/www.colegioaltamira.com.ar\/sitio\/wp-content\/uploads\/2026\/08\/WhatsApp-Image-2026-08-31-at-20.01.46-768x1024.jpeg 768w, https:\/\/www.colegioaltamira.com.ar\/sitio\/wp-content\/uploads\/2026\/08\/WhatsApp-Image-2026-08-31-at-20.01.46-1152x1536.jpeg 1152w\" sizes=\"(max-width: 1200px) 100vw, 1200px\" \/><\/figure>\n\n\n\n<figure class=\"wp-block-image size-large\"><img decoding=\"async\" loading=\"lazy\" width=\"1200\" height=\"1600\" data-id=\"8548\"  src=\"https:\/\/www.colegioaltamira.com.ar\/sitio\/wp-content\/uploads\/2026\/08\/WhatsApp-Image-2026-08-31-at-20.01.47.jpeg\" alt=\"\" class=\"wp-image-8548\" srcset=\"https:\/\/www.colegioaltamira.com.ar\/sitio\/wp-content\/uploads\/2026\/08\/WhatsApp-Image-2026-08-31-at-20.01.47.jpeg 1200w, https:\/\/www.colegioaltamira.com.ar\/sitio\/wp-content\/uploads\/2026\/08\/WhatsApp-Image-2026-08-31-at-20.01.47-750x1000.jpeg 750w, https:\/\/www.colegioaltamira.com.ar\/sitio\/wp-content\/uploads\/2026\/08\/WhatsApp-Image-2026-08-31-at-20.01.47-768x1024.jpeg 768w, https:\/\/www.colegioaltamira.com.ar\/sitio\/wp-content\/uploads\/2026\/08\/WhatsApp-Image-2026-08-31-at-20.01.47-1152x1536.jpeg 1152w\" sizes=\"(max-width: 1200px) 100vw, 1200px\" \/><\/figure>\n<\/figure>\n\n\n\n<p class=\"has-text-align-center\"><strong>Invitamos a seguir alentando y celebrando juntos estos triunfos que fortalecen la identidad de nuestra instituci\u00f3n y el orgullo de ser parte de la Escuela Danesa.<\/strong><\/p>\n","protected":false},"excerpt":{"rendered":"<p>La primaria del Colegio Argentino Dan\u00e9s particip\u00f3 en el Encuentro Regional JEBO realizado en San Cayetano, un evento que re\u00fane a los mejores deportistas en edad escolar de la regi\u00f3n. En esta edici\u00f3n, nuestros estudiantes compitieron en V\u00f3ley y Atletismo, destac\u00e1ndose por su esfuerzo, disciplina y esp\u00edritu de equipo. El resultado fue hist\u00f3rico: la Escuela &#8230; <a title=\"La Escuela Danesa, campeona regional en V\u00f3ley y Atletismo en JEBO\" class=\"read-more\" href=\"https:\/\/www.colegioaltamira.com.ar\/sitio\/la-escuela-danesa-campeona-regional-en-voley-y-atletismo-en-jebo\/\" aria-label=\"More on La Escuela Danesa, campeona regional en V\u00f3ley y Atletismo en JEBO\">[+]<\/a><\/p>\n","protected":false},"author":1434,"featured_media":8543,"comment_status":"open","ping_status":"open","sticky":false,"template":"","format":"standard","meta":[],"categories":[33,18],"tags":[],"acf":[],"_links":{"self":[{"href":"https:\/\/www.colegioaltamira.com.ar\/sitio\/wp-json\/wp\/v2\/posts\/8542"}],"collection":[{"href":"https:\/\/www.colegioaltamira.com.ar\/sitio\/wp-json\/wp\/v2\/posts"}],"about":[{"href":"https:\/\/www.colegioaltamira.com.ar\/sitio\/wp-json\/wp\/v2\/types\/post"}],"author":[{"embeddable":true,"href":"https:\/\/www.colegioaltamira.com.ar\/sitio\/wp-json\/wp\/v2\/users\/1434"}],"replies":[{"embeddable":true,"href":"https:\/\/www.colegioaltamira.com.ar\/sitio\/wp-json\/wp\/v2\/comments?post=8542"}],"version-history":[{"count":2,"href":"https:\/\/www.colegioaltamira.com.ar\/sitio\/wp-json\/wp\/v2\/posts\/8542\/revisions"}],"predecessor-version":[{"id":8550,"href":"https:\/\/www.colegioaltamira.com.ar\/sitio\/wp-json\/wp\/v2\/posts\/8542\/revisions\/8550"}],"wp:featuredmedia":[{"embeddable":true,"href":"https:\/\/www.colegioaltamira.com.ar\/sitio\/wp-json\/wp\/v2\/media\/8543"}],"wp:attachment":[{"href":"https:\/\/www.colegioaltamira.com.ar\/sitio\/wp-json\/wp\/v2\/media?parent=8542"}],"wp:term":[{"taxonomy":"category","embeddable":true,"href":"https:\/\/www.colegioaltamira.com.ar\/sitio\/wp-json\/wp\/v2\/categories?post=8542"},{"taxonomy":"post_tag","embeddable":true,"href":"https:\/\/www.colegioaltamira.com.ar\/sitio\/wp-json\/wp\/v2\/tags?post=8542"}],"curies":[{"name":"wp","href":"https:\/\/api.w.org\/{rel}","templated":true}]}}