{"id":8531,"date":"2026-09-01T19:01:24","date_gmt":"2026-09-01T22:01:24","guid":{"rendered":"https:\/\/www.colegioaltamira.com.ar\/sitio\/?p=8531"},"modified":"2026-09-01T19:06:47","modified_gmt":"2026-09-01T22:06:47","slug":"un-nuevo-capitulo-verde-en-el-parque-miguel-lillo","status":"publish","type":"post","link":"https:\/\/www.colegioaltamira.com.ar\/sitio\/un-nuevo-capitulo-verde-en-el-parque-miguel-lillo\/","title":{"rendered":"Un nuevo cap\u00edtulo verde en el Parque Miguel Lillo"},"content":{"rendered":"\n<p>El pasado s\u00e1bado 29 de agosto, los alumnos del <strong>Colegio Argentino Dan\u00e9s<\/strong> protagonizaron una jornada especial: trasladaron al Parque Miguel Lillo m\u00e1s de <strong>40 \u00e1rboles frutales<\/strong> que hab\u00edan cultivado y cuidado durante tres a\u00f1os en el taller de huerta y forestaci\u00f3n.<\/p>\n\n\n\n<div class=\"wp-block-columns is-layout-flex wp-container-5\">\n<div class=\"wp-block-column is-vertically-aligned-center is-layout-flow\" style=\"flex-basis:33.33%\">\n<p class=\"has-text-align-center\">La actividad reuni\u00f3 a estudiantes, familias, docentes, Guardaparques e integrantes de la <strong>Mesa de Consenso para la Gesti\u00f3n del Parque<\/strong>, en un encuentro que fue mucho m\u00e1s que plantar \u00e1rboles: fue sembrar futuro, comunidad y esperanza.<\/p>\n<\/div>\n\n\n\n<div class=\"wp-block-column is-layout-flow\" style=\"flex-basis:66.66%\">\n<figure class=\"wp-block-gallery has-nested-images columns-default is-cropped wp-block-gallery-2 is-layout-flex\">\n<figure class=\"wp-block-image size-large\"><img decoding=\"async\" loading=\"lazy\" width=\"719\" height=\"1600\" src=\"https:\/\/www.colegioaltamira.com.ar\/sitio\/wp-content\/uploads\/2026\/08\/WhatsApp-Image-2026-08-29-at-14.07.31.jpeg\" alt=\"\" class=\"wp-image-8533\" srcset=\"https:\/\/www.colegioaltamira.com.ar\/sitio\/wp-content\/uploads\/2026\/08\/WhatsApp-Image-2026-08-29-at-14.07.31.jpeg 719w, https:\/\/www.colegioaltamira.com.ar\/sitio\/wp-content\/uploads\/2026\/08\/WhatsApp-Image-2026-08-29-at-14.07.31-449x1000.jpeg 449w, https:\/\/www.colegioaltamira.com.ar\/sitio\/wp-content\/uploads\/2026\/08\/WhatsApp-Image-2026-08-29-at-14.07.31-690x1536.jpeg 690w\" sizes=\"(max-width: 719px) 100vw, 719px\" \/><\/figure>\n\n\n\n<figure class=\"wp-block-image size-full\"><img decoding=\"async\" loading=\"lazy\" width=\"719\" height=\"1600\" src=\"https:\/\/www.colegioaltamira.com.ar\/sitio\/wp-content\/uploads\/2026\/08\/WhatsApp-Image-2026-08-29-at-14.07.38.jpeg\" alt=\"\" class=\"wp-image-8535\" srcset=\"https:\/\/www.colegioaltamira.com.ar\/sitio\/wp-content\/uploads\/2026\/08\/WhatsApp-Image-2026-08-29-at-14.07.38.jpeg 719w, https:\/\/www.colegioaltamira.com.ar\/sitio\/wp-content\/uploads\/2026\/08\/WhatsApp-Image-2026-08-29-at-14.07.38-449x1000.jpeg 449w, https:\/\/www.colegioaltamira.com.ar\/sitio\/wp-content\/uploads\/2026\/08\/WhatsApp-Image-2026-08-29-at-14.07.38-690x1536.jpeg 690w\" sizes=\"(max-width: 719px) 100vw, 719px\" \/><\/figure>\n<\/figure>\n<\/div>\n<\/div>\n\n\n\n<p><strong>Membrillos, almendros, nogales, higueras, ciruelos y paltas<\/strong> ya forman parte de este proyecto que busca transformar una antigua cava \u2014antes basural y afectada por un incendio en 2024\u2014 en un espacio de paseo, recreaci\u00f3n y producci\u00f3n de frutos.<\/p>\n\n\n\n<p>El sue\u00f1o tiene nombre propio: <strong>\u201cJard\u00edn de los Frutales\u201d<\/strong>, s\u00edmbolo de educaci\u00f3n, paciencia y compromiso colectivo.<\/p>\n\n\n\n<p><\/p>\n\n\n\n<figure class=\"wp-block-gallery has-nested-images columns-default is-cropped wp-block-gallery-6 is-layout-flex\">\n<figure class=\"wp-block-image size-large\"><img decoding=\"async\" loading=\"lazy\" width=\"1600\" height=\"719\" data-id=\"8536\"  src=\"https:\/\/www.colegioaltamira.com.ar\/sitio\/wp-content\/uploads\/2026\/08\/WhatsApp-Image-2026-08-29-at-14.07.31-1.jpeg\" alt=\"\" class=\"wp-image-8536\" srcset=\"https:\/\/www.colegioaltamira.com.ar\/sitio\/wp-content\/uploads\/2026\/08\/WhatsApp-Image-2026-08-29-at-14.07.31-1.jpeg 1600w, https:\/\/www.colegioaltamira.com.ar\/sitio\/wp-content\/uploads\/2026\/08\/WhatsApp-Image-2026-08-29-at-14.07.31-1-1000x449.jpeg 1000w, https:\/\/www.colegioaltamira.com.ar\/sitio\/wp-content\/uploads\/2026\/08\/WhatsApp-Image-2026-08-29-at-14.07.31-1-768x345.jpeg 768w, https:\/\/www.colegioaltamira.com.ar\/sitio\/wp-content\/uploads\/2026\/08\/WhatsApp-Image-2026-08-29-at-14.07.31-1-1536x690.jpeg 1536w\" sizes=\"(max-width: 1600px) 100vw, 1600px\" \/><\/figure>\n\n\n\n<figure class=\"wp-block-image size-large\"><img decoding=\"async\" loading=\"lazy\" width=\"1600\" height=\"719\" data-id=\"8537\"  src=\"https:\/\/www.colegioaltamira.com.ar\/sitio\/wp-content\/uploads\/2026\/08\/WhatsApp-Image-2026-08-29-at-14.07.39-1.jpeg\" alt=\"\" class=\"wp-image-8537\" srcset=\"https:\/\/www.colegioaltamira.com.ar\/sitio\/wp-content\/uploads\/2026\/08\/WhatsApp-Image-2026-08-29-at-14.07.39-1.jpeg 1600w, https:\/\/www.colegioaltamira.com.ar\/sitio\/wp-content\/uploads\/2026\/08\/WhatsApp-Image-2026-08-29-at-14.07.39-1-1000x449.jpeg 1000w, https:\/\/www.colegioaltamira.com.ar\/sitio\/wp-content\/uploads\/2026\/08\/WhatsApp-Image-2026-08-29-at-14.07.39-1-768x345.jpeg 768w, https:\/\/www.colegioaltamira.com.ar\/sitio\/wp-content\/uploads\/2026\/08\/WhatsApp-Image-2026-08-29-at-14.07.39-1-1536x690.jpeg 1536w\" sizes=\"(max-width: 1600px) 100vw, 1600px\" \/><\/figure>\n<\/figure>\n\n\n\n<figure class=\"wp-block-gallery has-nested-images columns-default is-cropped wp-block-gallery-8 is-layout-flex\">\n<figure class=\"wp-block-image size-large\"><img decoding=\"async\" loading=\"lazy\" width=\"719\" height=\"1600\" data-id=\"8539\"  src=\"https:\/\/www.colegioaltamira.com.ar\/sitio\/wp-content\/uploads\/2026\/08\/WhatsApp-Image-2026-08-29-at-14.07.34-1.jpeg\" alt=\"\" class=\"wp-image-8539\" srcset=\"https:\/\/www.colegioaltamira.com.ar\/sitio\/wp-content\/uploads\/2026\/08\/WhatsApp-Image-2026-08-29-at-14.07.34-1.jpeg 719w, https:\/\/www.colegioaltamira.com.ar\/sitio\/wp-content\/uploads\/2026\/08\/WhatsApp-Image-2026-08-29-at-14.07.34-1-449x1000.jpeg 449w, https:\/\/www.colegioaltamira.com.ar\/sitio\/wp-content\/uploads\/2026\/08\/WhatsApp-Image-2026-08-29-at-14.07.34-1-690x1536.jpeg 690w\" sizes=\"(max-width: 719px) 100vw, 719px\" \/><\/figure>\n\n\n\n<figure class=\"wp-block-image size-large\"><img decoding=\"async\" loading=\"lazy\" width=\"719\" height=\"1600\" data-id=\"8534\"  src=\"https:\/\/www.colegioaltamira.com.ar\/sitio\/wp-content\/uploads\/2026\/08\/WhatsApp-Image-2026-08-29-at-14.07.32.jpeg\" alt=\"\" class=\"wp-image-8534\" srcset=\"https:\/\/www.colegioaltamira.com.ar\/sitio\/wp-content\/uploads\/2026\/08\/WhatsApp-Image-2026-08-29-at-14.07.32.jpeg 719w, https:\/\/www.colegioaltamira.com.ar\/sitio\/wp-content\/uploads\/2026\/08\/WhatsApp-Image-2026-08-29-at-14.07.32-449x1000.jpeg 449w, https:\/\/www.colegioaltamira.com.ar\/sitio\/wp-content\/uploads\/2026\/08\/WhatsApp-Image-2026-08-29-at-14.07.32-690x1536.jpeg 690w\" sizes=\"(max-width: 719px) 100vw, 719px\" \/><\/figure>\n\n\n\n<figure class=\"wp-block-image size-large\"><img decoding=\"async\" loading=\"lazy\" width=\"719\" height=\"1600\" data-id=\"8540\"  src=\"https:\/\/www.colegioaltamira.com.ar\/sitio\/wp-content\/uploads\/2026\/08\/WhatsApp-Image-2026-08-29-at-14.07.34-1-1.jpeg\" alt=\"\" class=\"wp-image-8540\" srcset=\"https:\/\/www.colegioaltamira.com.ar\/sitio\/wp-content\/uploads\/2026\/08\/WhatsApp-Image-2026-08-29-at-14.07.34-1-1.jpeg 719w, https:\/\/www.colegioaltamira.com.ar\/sitio\/wp-content\/uploads\/2026\/08\/WhatsApp-Image-2026-08-29-at-14.07.34-1-1-449x1000.jpeg 449w, https:\/\/www.colegioaltamira.com.ar\/sitio\/wp-content\/uploads\/2026\/08\/WhatsApp-Image-2026-08-29-at-14.07.34-1-1-690x1536.jpeg 690w\" sizes=\"(max-width: 719px) 100vw, 719px\" \/><\/figure>\n<\/figure>\n\n\n\n<p class=\"has-text-align-center\">Sumate a cuidar y acompa\u00f1ar este nuevo espacio. Cada gesto cuenta para que el Jard\u00edn de los Frutales crezca y se convierta en un lugar de encuentro para toda la comunidad.<\/p>\n\n\n\n<figure class=\"wp-block-embed is-type-video is-provider-youtube wp-block-embed-youtube wp-embed-aspect-9-16 wp-has-aspect-ratio\"><div class=\"wp-block-embed__wrapper\">\n<iframe loading=\"lazy\" title=\"Voluntariado en Parque Miguel Lillo. Aprendizaje y servicio solidario #AySS #EscuelaDanesaNecochea\" width=\"563\" height=\"1000\" src=\"https:\/\/www.youtube.com\/embed\/TwgInWKPKYw?feature=oembed\" frameborder=\"0\" allow=\"accelerometer; autoplay; clipboard-write; encrypted-media; gyroscope; picture-in-picture; web-share\" referrerpolicy=\"strict-origin-when-cross-origin\" allowfullscreen><\/iframe>\n<\/div><\/figure>\n","protected":false},"excerpt":{"rendered":"<p>El pasado s\u00e1bado 29 de agosto, los alumnos del Colegio Argentino Dan\u00e9s protagonizaron una jornada especial: trasladaron al Parque Miguel Lillo m\u00e1s de 40 \u00e1rboles frutales que hab\u00edan cultivado y cuidado durante tres a\u00f1os en el taller de huerta y forestaci\u00f3n. La actividad reuni\u00f3 a estudiantes, familias, docentes, Guardaparques e integrantes de la Mesa de &#8230; <a title=\"Un nuevo cap\u00edtulo verde en el Parque Miguel Lillo\" class=\"read-more\" href=\"https:\/\/www.colegioaltamira.com.ar\/sitio\/un-nuevo-capitulo-verde-en-el-parque-miguel-lillo\/\" aria-label=\"More on Un nuevo cap\u00edtulo verde en el Parque Miguel Lillo\">[+]<\/a><\/p>\n","protected":false},"author":1434,"featured_media":8532,"comment_status":"open","ping_status":"open","sticky":false,"template":"","format":"standard","meta":[],"categories":[20,8,6,1],"tags":[],"acf":[],"_links":{"self":[{"href":"https:\/\/www.colegioaltamira.com.ar\/sitio\/wp-json\/wp\/v2\/posts\/8531"}],"collection":[{"href":"https:\/\/www.colegioaltamira.com.ar\/sitio\/wp-json\/wp\/v2\/posts"}],"about":[{"href":"https:\/\/www.colegioaltamira.com.ar\/sitio\/wp-json\/wp\/v2\/types\/post"}],"author":[{"embeddable":true,"href":"https:\/\/www.colegioaltamira.com.ar\/sitio\/wp-json\/wp\/v2\/users\/1434"}],"replies":[{"embeddable":true,"href":"https:\/\/www.colegioaltamira.com.ar\/sitio\/wp-json\/wp\/v2\/comments?post=8531"}],"version-history":[{"count":3,"href":"https:\/\/www.colegioaltamira.com.ar\/sitio\/wp-json\/wp\/v2\/posts\/8531\/revisions"}],"predecessor-version":[{"id":8554,"href":"https:\/\/www.colegioaltamira.com.ar\/sitio\/wp-json\/wp\/v2\/posts\/8531\/revisions\/8554"}],"wp:featuredmedia":[{"embeddable":true,"href":"https:\/\/www.colegioaltamira.com.ar\/sitio\/wp-json\/wp\/v2\/media\/8532"}],"wp:attachment":[{"href":"https:\/\/www.colegioaltamira.com.ar\/sitio\/wp-json\/wp\/v2\/media?parent=8531"}],"wp:term":[{"taxonomy":"category","embeddable":true,"href":"https:\/\/www.colegioaltamira.com.ar\/sitio\/wp-json\/wp\/v2\/categories?post=8531"},{"taxonomy":"post_tag","embeddable":true,"href":"https:\/\/www.colegioaltamira.com.ar\/sitio\/wp-json\/wp\/v2\/tags?post=8531"}],"curies":[{"name":"wp","href":"https:\/\/api.w.org\/{rel}","templated":true}]}}