{"id":8502,"date":"2026-08-31T15:12:51","date_gmt":"2026-08-31T18:12:51","guid":{"rendered":"https:\/\/www.colegioaltamira.com.ar\/sitio\/?p=8502"},"modified":"2026-08-31T15:13:13","modified_gmt":"2026-08-31T18:13:13","slug":"participacion-institucional-en-el-congreso-internacional-de-aprendizaje-y-servicio-solidario","status":"publish","type":"post","link":"https:\/\/www.colegioaltamira.com.ar\/sitio\/participacion-institucional-en-el-congreso-internacional-de-aprendizaje-y-servicio-solidario\/","title":{"rendered":"Participaci\u00f3n Institucional en el Congreso Internacional de Aprendizaje y Servicio Solidario"},"content":{"rendered":"\n<p>Los d\u00edas <strong>27 y 28 de agosto<\/strong>, nuestra escuela form\u00f3 parte del <strong>29.\u00ba Seminario Internacional de Aprendizaje y Servicio Solidario (CLAYSS)<\/strong>, un encuentro que re\u00fane a instituciones educativas de distintos pa\u00edses para compartir experiencias y fortalecer este modelo pedag\u00f3gico.<\/p>\n\n\n\n<div class=\"wp-block-columns is-layout-flex wp-container-3\">\n<div class=\"wp-block-column is-layout-flow\" style=\"flex-basis:33.33%\">\n<p>En esta ocasi\u00f3n, dos proyectos de nuestra instituci\u00f3n fueron seleccionados para exposici\u00f3n presencial:<\/p>\n\n\n\n<ul>\n<li><strong>\u201cCompartimos TIC\u201d<\/strong> (Nivel Secundario)<\/li>\n\n\n\n<li><strong>\u201cPromotores Ambientales\u201d<\/strong> (Nivel Primario)<\/li>\n<\/ul>\n\n\n\n<p><\/p>\n<\/div>\n\n\n\n<div class=\"wp-block-column is-layout-flow\" style=\"flex-basis:66.66%\">\n<figure class=\"wp-block-image size-full\"><img decoding=\"async\" loading=\"lazy\" width=\"1280\" height=\"960\" src=\"https:\/\/www.colegioaltamira.com.ar\/sitio\/wp-content\/uploads\/2026\/08\/WhatsApp-Image-2026-08-27-at-11.54.03.jpeg\" alt=\"\" class=\"wp-image-8503\" srcset=\"https:\/\/www.colegioaltamira.com.ar\/sitio\/wp-content\/uploads\/2026\/08\/WhatsApp-Image-2026-08-27-at-11.54.03.jpeg 1280w, https:\/\/www.colegioaltamira.com.ar\/sitio\/wp-content\/uploads\/2026\/08\/WhatsApp-Image-2026-08-27-at-11.54.03-1000x750.jpeg 1000w, https:\/\/www.colegioaltamira.com.ar\/sitio\/wp-content\/uploads\/2026\/08\/WhatsApp-Image-2026-08-27-at-11.54.03-768x576.jpeg 768w\" sizes=\"(max-width: 1280px) 100vw, 1280px\" \/><\/figure>\n<\/div>\n<\/div>\n\n\n\n<p>Por primera vez, viajamos acompa\u00f1ados por <strong>estudiantes protagonistas de 5.\u00ba a\u00f1o de Secundario<\/strong>, quienes junto a docentes y directivos de los tres niveles representaron a nuestra escuela en este espacio internacional.<\/p>\n\n\n\n<p>Tambi\u00e9n acompa\u00f1aron la <strong>Vicedirectora de Nivel Inicial, Flor Cardoso<\/strong>, la <strong>Coordinadora de Aprendizaje y Servicio Solidario, Andrea Andersen<\/strong>, y la <strong>Representante Legal, Mar\u00eda Laura Bonavida<\/strong>, fortaleciendo la presencia institucional en este importante encuentro.<\/p>\n\n\n\n<h2 class=\"wp-block-heading\">Exposiciones y Paneles<\/h2>\n\n\n\n<p>Las presentaciones estuvieron a cargo de la directora de Nivel Secundario, <strong>Prof. Marianela Maldonado<\/strong>, y de la docente de Nivel Primario, <strong>Gabriela Lara<\/strong>, quienes compartieron el impacto de los proyectos en nuestra comunidad educativa.<\/p>\n\n\n\n<figure class=\"wp-block-gallery has-nested-images columns-default is-cropped wp-block-gallery-4 is-layout-flex\">\n<figure class=\"wp-block-image size-large\"><img decoding=\"async\" loading=\"lazy\" width=\"1600\" height=\"1200\" data-id=\"8507\"  src=\"https:\/\/www.colegioaltamira.com.ar\/sitio\/wp-content\/uploads\/2026\/08\/WhatsApp-Image-2026-08-28-at-14.44.01.jpeg\" alt=\"\" class=\"wp-image-8507\" srcset=\"https:\/\/www.colegioaltamira.com.ar\/sitio\/wp-content\/uploads\/2026\/08\/WhatsApp-Image-2026-08-28-at-14.44.01.jpeg 1600w, https:\/\/www.colegioaltamira.com.ar\/sitio\/wp-content\/uploads\/2026\/08\/WhatsApp-Image-2026-08-28-at-14.44.01-1000x750.jpeg 1000w, https:\/\/www.colegioaltamira.com.ar\/sitio\/wp-content\/uploads\/2026\/08\/WhatsApp-Image-2026-08-28-at-14.44.01-768x576.jpeg 768w, https:\/\/www.colegioaltamira.com.ar\/sitio\/wp-content\/uploads\/2026\/08\/WhatsApp-Image-2026-08-28-at-14.44.01-1536x1152.jpeg 1536w\" sizes=\"(max-width: 1600px) 100vw, 1600px\" \/><\/figure>\n\n\n\n<figure class=\"wp-block-image size-full\"><img decoding=\"async\" loading=\"lazy\" width=\"1204\" height=\"1600\" data-id=\"8509\"  src=\"https:\/\/www.colegioaltamira.com.ar\/sitio\/wp-content\/uploads\/2026\/08\/WhatsApp-Image-2026-08-28-at-14.40.58.jpeg\" alt=\"\" class=\"wp-image-8509\" srcset=\"https:\/\/www.colegioaltamira.com.ar\/sitio\/wp-content\/uploads\/2026\/08\/WhatsApp-Image-2026-08-28-at-14.40.58.jpeg 1204w, https:\/\/www.colegioaltamira.com.ar\/sitio\/wp-content\/uploads\/2026\/08\/WhatsApp-Image-2026-08-28-at-14.40.58-753x1000.jpeg 753w, https:\/\/www.colegioaltamira.com.ar\/sitio\/wp-content\/uploads\/2026\/08\/WhatsApp-Image-2026-08-28-at-14.40.58-768x1021.jpeg 768w, https:\/\/www.colegioaltamira.com.ar\/sitio\/wp-content\/uploads\/2026\/08\/WhatsApp-Image-2026-08-28-at-14.40.58-1156x1536.jpeg 1156w\" sizes=\"(max-width: 1204px) 100vw, 1204px\" \/><\/figure>\n<\/figure>\n\n\n\n<div class=\"wp-block-columns is-layout-flex wp-container-10\">\n<div class=\"wp-block-column is-vertically-aligned-center is-layout-flow\" style=\"flex-basis:33.33%\">\n<p class=\"has-text-align-center\">Adem\u00e1s, cuatro alumnas de 5.\u00ba a\u00f1o participaron activamente en el <strong>Panel de Estudiantes Solidarios<\/strong> y en el panel <strong>\u201cEl AySS para el fortalecimiento comunitario\u201d<\/strong>, llevando la voz de nuestra escuela y demostrando el compromiso de la juventud con la construcci\u00f3n de una sociedad m\u00e1s justa y solidaria.<\/p>\n<\/div>\n\n\n\n<div class=\"wp-block-column is-layout-flow\" style=\"flex-basis:66.66%\">\n<figure class=\"wp-block-gallery has-nested-images columns-default is-cropped wp-block-gallery-7 is-layout-flex\">\n<figure class=\"wp-block-image size-large\"><img decoding=\"async\" loading=\"lazy\" width=\"243\" height=\"312\" src=\"https:\/\/www.colegioaltamira.com.ar\/sitio\/wp-content\/uploads\/2026\/08\/panel-1.png\" alt=\"\" class=\"wp-image-8515\"\/><\/figure>\n\n\n\n<figure class=\"wp-block-image size-large\"><img decoding=\"async\" loading=\"lazy\" width=\"1600\" height=\"719\" src=\"https:\/\/www.colegioaltamira.com.ar\/sitio\/wp-content\/uploads\/2026\/08\/WhatsApp-Image-2026-08-28-at-17.40.27-1.jpeg\" alt=\"\" class=\"wp-image-8516\" srcset=\"https:\/\/www.colegioaltamira.com.ar\/sitio\/wp-content\/uploads\/2026\/08\/WhatsApp-Image-2026-08-28-at-17.40.27-1.jpeg 1600w, https:\/\/www.colegioaltamira.com.ar\/sitio\/wp-content\/uploads\/2026\/08\/WhatsApp-Image-2026-08-28-at-17.40.27-1-1000x449.jpeg 1000w, https:\/\/www.colegioaltamira.com.ar\/sitio\/wp-content\/uploads\/2026\/08\/WhatsApp-Image-2026-08-28-at-17.40.27-1-768x345.jpeg 768w, https:\/\/www.colegioaltamira.com.ar\/sitio\/wp-content\/uploads\/2026\/08\/WhatsApp-Image-2026-08-28-at-17.40.27-1-1536x690.jpeg 1536w\" sizes=\"(max-width: 1600px) 100vw, 1600px\" \/><\/figure>\n<\/figure>\n<\/div>\n<\/div>\n\n\n\n<h2 class=\"wp-block-heading\">Reconocimiento y Orgullo<\/h2>\n\n\n\n<p>Durante el seminario, recibimos muestras de reconocimiento que nos llenan de orgullo. Como expres\u00f3 la directora de Primaria <strong>Nerina Baio<\/strong>:<\/p>\n\n\n\n<div class=\"wp-block-columns is-layout-flex wp-container-13\">\n<div class=\"wp-block-column is-layout-flow\" style=\"flex-basis:33.33%\">\n<blockquote class=\"wp-block-quote\">\n<p>\u201cAlgo que nos hemos dado cuenta en este seminario es que nuestra escuela es reconocida por la gente de CLAYSS.<\/p>\n<\/blockquote>\n<\/div>\n\n\n\n<div class=\"wp-block-column is-layout-flow\" style=\"flex-basis:66.66%\">\n<figure class=\"wp-block-image size-full\"><img decoding=\"async\" loading=\"lazy\" width=\"1600\" height=\"719\" src=\"https:\/\/www.colegioaltamira.com.ar\/sitio\/wp-content\/uploads\/2026\/08\/WhatsApp-Image-2026-08-28-at-17.40.28-1.jpeg\" alt=\"\" class=\"wp-image-8517\" srcset=\"https:\/\/www.colegioaltamira.com.ar\/sitio\/wp-content\/uploads\/2026\/08\/WhatsApp-Image-2026-08-28-at-17.40.28-1.jpeg 1600w, https:\/\/www.colegioaltamira.com.ar\/sitio\/wp-content\/uploads\/2026\/08\/WhatsApp-Image-2026-08-28-at-17.40.28-1-1000x449.jpeg 1000w, https:\/\/www.colegioaltamira.com.ar\/sitio\/wp-content\/uploads\/2026\/08\/WhatsApp-Image-2026-08-28-at-17.40.28-1-768x345.jpeg 768w, https:\/\/www.colegioaltamira.com.ar\/sitio\/wp-content\/uploads\/2026\/08\/WhatsApp-Image-2026-08-28-at-17.40.28-1-1536x690.jpeg 1536w\" sizes=\"(max-width: 1600px) 100vw, 1600px\" \/><\/figure>\n<\/div>\n<\/div>\n\n\n\n<blockquote class=\"wp-block-quote\">\n<p>Donde nos ven saben qui\u00e9nes somos, saben que en Necochea la Escuela Danesa viene haciendo un buen trabajo. Hoy nuestras estudiantes compartieron panel con j\u00f3venes de Chile, M\u00e9xico, Espa\u00f1a y Brasil, y estuvimos a la par de esos pa\u00edses, contando experiencias en el auditorio principal.\u201d<\/p>\n<\/blockquote>\n\n\n\n<p>Este logro es fruto de un camino de casi <strong>20 a\u00f1os de implementaci\u00f3n del Aprendizaje y Servicio Solidario<\/strong> como modelo pedag\u00f3gico en nuestra instituci\u00f3n. Cada docente y cada estudiante que impulsa proyectos en el aula es parte de este reconocimiento.<\/p>\n\n\n\n<h2 class=\"wp-block-heading\">Mirada hacia el futuro<\/h2>\n\n\n\n<p>La participaci\u00f3n en CLAYSS nos impulsa a seguir construyendo juntos desde un modelo pedag\u00f3gico que pone a los estudiantes en el centro de la escena y a la comunidad como inicio y destino.<\/p>\n\n\n\n<figure class=\"wp-block-gallery has-nested-images columns-default is-cropped wp-block-gallery-14 is-layout-flex\">\n<figure class=\"wp-block-image size-large\"><img decoding=\"async\" loading=\"lazy\" width=\"1600\" height=\"719\" data-id=\"8519\"  src=\"https:\/\/www.colegioaltamira.com.ar\/sitio\/wp-content\/uploads\/2026\/08\/WhatsApp-Image-2026-08-28-at-17.40.29.jpeg\" alt=\"\" class=\"wp-image-8519\" srcset=\"https:\/\/www.colegioaltamira.com.ar\/sitio\/wp-content\/uploads\/2026\/08\/WhatsApp-Image-2026-08-28-at-17.40.29.jpeg 1600w, https:\/\/www.colegioaltamira.com.ar\/sitio\/wp-content\/uploads\/2026\/08\/WhatsApp-Image-2026-08-28-at-17.40.29-1000x449.jpeg 1000w, https:\/\/www.colegioaltamira.com.ar\/sitio\/wp-content\/uploads\/2026\/08\/WhatsApp-Image-2026-08-28-at-17.40.29-768x345.jpeg 768w, https:\/\/www.colegioaltamira.com.ar\/sitio\/wp-content\/uploads\/2026\/08\/WhatsApp-Image-2026-08-28-at-17.40.29-1536x690.jpeg 1536w\" sizes=\"(max-width: 1600px) 100vw, 1600px\" \/><\/figure>\n\n\n\n<figure class=\"wp-block-image size-large\"><img decoding=\"async\" loading=\"lazy\" width=\"1600\" height=\"719\" data-id=\"8520\"  src=\"https:\/\/www.colegioaltamira.com.ar\/sitio\/wp-content\/uploads\/2026\/08\/WhatsApp-Image-2026-08-28-at-17.40.28-2.jpeg\" alt=\"\" class=\"wp-image-8520\" srcset=\"https:\/\/www.colegioaltamira.com.ar\/sitio\/wp-content\/uploads\/2026\/08\/WhatsApp-Image-2026-08-28-at-17.40.28-2.jpeg 1600w, https:\/\/www.colegioaltamira.com.ar\/sitio\/wp-content\/uploads\/2026\/08\/WhatsApp-Image-2026-08-28-at-17.40.28-2-1000x449.jpeg 1000w, https:\/\/www.colegioaltamira.com.ar\/sitio\/wp-content\/uploads\/2026\/08\/WhatsApp-Image-2026-08-28-at-17.40.28-2-768x345.jpeg 768w, https:\/\/www.colegioaltamira.com.ar\/sitio\/wp-content\/uploads\/2026\/08\/WhatsApp-Image-2026-08-28-at-17.40.28-2-1536x690.jpeg 1536w\" sizes=\"(max-width: 1600px) 100vw, 1600px\" \/><\/figure>\n<\/figure>\n\n\n\n<p>Nos llevamos nuevas ideas, aprendizajes y la certeza de que estamos en el camino correcto: transformar realidades y fortalecer lazos comunitarios a trav\u00e9s de proyectos educativos con sentido.<\/p>\n\n\n\n<p class=\"has-text-align-center\">Acompa\u00f1emos y celebremos el esfuerzo de nuestros estudiantes y docentes, protagonistas de este logro institucional.<\/p>\n\n\n\n<figure class=\"wp-block-gallery has-nested-images columns-default is-cropped wp-block-gallery-16 is-layout-flex\">\n<figure class=\"wp-block-image size-large\"><img decoding=\"async\" loading=\"lazy\" width=\"1600\" height=\"1204\" data-id=\"8522\"  src=\"https:\/\/www.colegioaltamira.com.ar\/sitio\/wp-content\/uploads\/2026\/08\/WhatsApp-Image-2026-08-28-at-17.14.15.jpeg\" alt=\"\" class=\"wp-image-8522\" srcset=\"https:\/\/www.colegioaltamira.com.ar\/sitio\/wp-content\/uploads\/2026\/08\/WhatsApp-Image-2026-08-28-at-17.14.15.jpeg 1600w, https:\/\/www.colegioaltamira.com.ar\/sitio\/wp-content\/uploads\/2026\/08\/WhatsApp-Image-2026-08-28-at-17.14.15-1000x753.jpeg 1000w, https:\/\/www.colegioaltamira.com.ar\/sitio\/wp-content\/uploads\/2026\/08\/WhatsApp-Image-2026-08-28-at-17.14.15-768x578.jpeg 768w, https:\/\/www.colegioaltamira.com.ar\/sitio\/wp-content\/uploads\/2026\/08\/WhatsApp-Image-2026-08-28-at-17.14.15-1536x1156.jpeg 1536w\" sizes=\"(max-width: 1600px) 100vw, 1600px\" \/><\/figure>\n\n\n\n<figure class=\"wp-block-image size-full\"><img decoding=\"async\" loading=\"lazy\" width=\"1204\" height=\"1600\" data-id=\"8524\"  src=\"https:\/\/www.colegioaltamira.com.ar\/sitio\/wp-content\/uploads\/2026\/08\/WhatsApp-Image-2026-08-28-at-17.13.54-1.jpeg\" alt=\"\" class=\"wp-image-8524\" srcset=\"https:\/\/www.colegioaltamira.com.ar\/sitio\/wp-content\/uploads\/2026\/08\/WhatsApp-Image-2026-08-28-at-17.13.54-1.jpeg 1204w, https:\/\/www.colegioaltamira.com.ar\/sitio\/wp-content\/uploads\/2026\/08\/WhatsApp-Image-2026-08-28-at-17.13.54-1-753x1000.jpeg 753w, https:\/\/www.colegioaltamira.com.ar\/sitio\/wp-content\/uploads\/2026\/08\/WhatsApp-Image-2026-08-28-at-17.13.54-1-768x1021.jpeg 768w, https:\/\/www.colegioaltamira.com.ar\/sitio\/wp-content\/uploads\/2026\/08\/WhatsApp-Image-2026-08-28-at-17.13.54-1-1156x1536.jpeg 1156w\" sizes=\"(max-width: 1204px) 100vw, 1204px\" \/><\/figure>\n<\/figure>\n\n\n\n<figure class=\"wp-block-gallery has-nested-images columns-default is-cropped wp-block-gallery-18 is-layout-flex\">\n<figure class=\"wp-block-image size-large\"><img decoding=\"async\" loading=\"lazy\" width=\"1280\" height=\"960\" data-id=\"8525\"  src=\"https:\/\/www.colegioaltamira.com.ar\/sitio\/wp-content\/uploads\/2026\/08\/WhatsApp-Image-2026-08-27-at-10.08.55-1.jpeg\" alt=\"\" class=\"wp-image-8525\" srcset=\"https:\/\/www.colegioaltamira.com.ar\/sitio\/wp-content\/uploads\/2026\/08\/WhatsApp-Image-2026-08-27-at-10.08.55-1.jpeg 1280w, https:\/\/www.colegioaltamira.com.ar\/sitio\/wp-content\/uploads\/2026\/08\/WhatsApp-Image-2026-08-27-at-10.08.55-1-1000x750.jpeg 1000w, https:\/\/www.colegioaltamira.com.ar\/sitio\/wp-content\/uploads\/2026\/08\/WhatsApp-Image-2026-08-27-at-10.08.55-1-768x576.jpeg 768w\" sizes=\"(max-width: 1280px) 100vw, 1280px\" \/><\/figure>\n\n\n\n<figure class=\"wp-block-image size-large\"><img decoding=\"async\" loading=\"lazy\" width=\"1204\" height=\"1600\" data-id=\"8526\"  src=\"https:\/\/www.colegioaltamira.com.ar\/sitio\/wp-content\/uploads\/2026\/08\/WhatsApp-Image-2026-08-27-at-11.49.45.jpeg\" alt=\"\" class=\"wp-image-8526\" srcset=\"https:\/\/www.colegioaltamira.com.ar\/sitio\/wp-content\/uploads\/2026\/08\/WhatsApp-Image-2026-08-27-at-11.49.45.jpeg 1204w, https:\/\/www.colegioaltamira.com.ar\/sitio\/wp-content\/uploads\/2026\/08\/WhatsApp-Image-2026-08-27-at-11.49.45-753x1000.jpeg 753w, https:\/\/www.colegioaltamira.com.ar\/sitio\/wp-content\/uploads\/2026\/08\/WhatsApp-Image-2026-08-27-at-11.49.45-768x1021.jpeg 768w, https:\/\/www.colegioaltamira.com.ar\/sitio\/wp-content\/uploads\/2026\/08\/WhatsApp-Image-2026-08-27-at-11.49.45-1156x1536.jpeg 1156w\" sizes=\"(max-width: 1204px) 100vw, 1204px\" \/><\/figure>\n<\/figure>\n","protected":false},"excerpt":{"rendered":"<p>Los d\u00edas 27 y 28 de agosto, nuestra escuela form\u00f3 parte del 29.\u00ba Seminario Internacional de Aprendizaje y Servicio Solidario (CLAYSS), un encuentro que re\u00fane a instituciones educativas de distintos pa\u00edses para compartir experiencias y fortalecer este modelo pedag\u00f3gico. En esta ocasi\u00f3n, dos proyectos de nuestra instituci\u00f3n fueron seleccionados para exposici\u00f3n presencial: Por primera vez, &#8230; <a title=\"Participaci\u00f3n Institucional en el Congreso Internacional de Aprendizaje y Servicio Solidario\" class=\"read-more\" href=\"https:\/\/www.colegioaltamira.com.ar\/sitio\/participacion-institucional-en-el-congreso-internacional-de-aprendizaje-y-servicio-solidario\/\" aria-label=\"More on Participaci\u00f3n Institucional en el Congreso Internacional de Aprendizaje y Servicio Solidario\">[+]<\/a><\/p>\n","protected":false},"author":1434,"featured_media":8504,"comment_status":"open","ping_status":"open","sticky":false,"template":"","format":"standard","meta":[],"categories":[18,8,1],"tags":[],"acf":[],"_links":{"self":[{"href":"https:\/\/www.colegioaltamira.com.ar\/sitio\/wp-json\/wp\/v2\/posts\/8502"}],"collection":[{"href":"https:\/\/www.colegioaltamira.com.ar\/sitio\/wp-json\/wp\/v2\/posts"}],"about":[{"href":"https:\/\/www.colegioaltamira.com.ar\/sitio\/wp-json\/wp\/v2\/types\/post"}],"author":[{"embeddable":true,"href":"https:\/\/www.colegioaltamira.com.ar\/sitio\/wp-json\/wp\/v2\/users\/1434"}],"replies":[{"embeddable":true,"href":"https:\/\/www.colegioaltamira.com.ar\/sitio\/wp-json\/wp\/v2\/comments?post=8502"}],"version-history":[{"count":9,"href":"https:\/\/www.colegioaltamira.com.ar\/sitio\/wp-json\/wp\/v2\/posts\/8502\/revisions"}],"predecessor-version":[{"id":8530,"href":"https:\/\/www.colegioaltamira.com.ar\/sitio\/wp-json\/wp\/v2\/posts\/8502\/revisions\/8530"}],"wp:featuredmedia":[{"embeddable":true,"href":"https:\/\/www.colegioaltamira.com.ar\/sitio\/wp-json\/wp\/v2\/media\/8504"}],"wp:attachment":[{"href":"https:\/\/www.colegioaltamira.com.ar\/sitio\/wp-json\/wp\/v2\/media?parent=8502"}],"wp:term":[{"taxonomy":"category","embeddable":true,"href":"https:\/\/www.colegioaltamira.com.ar\/sitio\/wp-json\/wp\/v2\/categories?post=8502"},{"taxonomy":"post_tag","embeddable":true,"href":"https:\/\/www.colegioaltamira.com.ar\/sitio\/wp-json\/wp\/v2\/tags?post=8502"}],"curies":[{"name":"wp","href":"https:\/\/api.w.org\/{rel}","templated":true}]}}