{"id":7094,"date":"2025-05-30T17:39:46","date_gmt":"2025-05-30T20:39:46","guid":{"rendered":"https:\/\/www.colegioaltamira.com.ar\/sitio\/?p=7094"},"modified":"2025-05-30T17:39:46","modified_gmt":"2025-05-30T20:39:46","slug":"jovenes-en-accion-hablemos-de-lo-que-nos-pasa","status":"publish","type":"post","link":"https:\/\/www.colegioaltamira.com.ar\/sitio\/jovenes-en-accion-hablemos-de-lo-que-nos-pasa\/","title":{"rendered":"J\u00f3venes en Acci\u00f3n: hablemos de lo que nos pasa"},"content":{"rendered":"\n<p>En el marco del trabajo en la Red de Barrio Norte, de la que nuestra instituci\u00f3n forma parte, este viernes 30\/05 se realiz\u00f3 la 2da Jornada de Juventudes: \u201cJ\u00f3venes en acci\u00f3n, hablemos de lo que nos pasa\u201d. La misma se realiz\u00f3 en el complejo Jesuita Cardiel, y participaron los 2dos a\u00f1os de escuelas p\u00fablicas y privadas. All\u00ed se reunieron alrededor de 250 estudiantes a trabajar en talleres sobre dos temas elegidos por ellos y que les preocupan, \u201cV\u00ednculos\u201d y \u201cConsumos problem\u00e1ticos\u201d. Este a\u00f1o la novedad fue la participaci\u00f3n enriquecedora de los Centros de Estudiantes en el proceso de armado y realizaci\u00f3n de los talleres.<br>Los alumnos estuvieron acompa\u00f1ados por las integrantes de nuestro EOE Lic. Graciana Papavero y Lic. Marina Deusedes<br>Agradecemos a nuestros alumnos por el entusiasmo en la participaci\u00f3n, y a las familias por su acompa\u00f1amiento. &#x1f44f;<\/p>\n\n\n\n<figure class=\"wp-block-gallery has-nested-images columns-default is-cropped wp-block-gallery-1 is-layout-flex\">\n<figure class=\"wp-block-image size-large\"><img decoding=\"async\" loading=\"lazy\" width=\"1280\" height=\"960\" data-id=\"7095\"  src=\"https:\/\/www.colegioaltamira.com.ar\/sitio\/wp-content\/uploads\/2025\/05\/WhatsApp-Image-2025-05-30-at-13.30.50.jpeg\" alt=\"\" class=\"wp-image-7095\" srcset=\"https:\/\/www.colegioaltamira.com.ar\/sitio\/wp-content\/uploads\/2025\/05\/WhatsApp-Image-2025-05-30-at-13.30.50.jpeg 1280w, https:\/\/www.colegioaltamira.com.ar\/sitio\/wp-content\/uploads\/2025\/05\/WhatsApp-Image-2025-05-30-at-13.30.50-1000x750.jpeg 1000w, https:\/\/www.colegioaltamira.com.ar\/sitio\/wp-content\/uploads\/2025\/05\/WhatsApp-Image-2025-05-30-at-13.30.50-768x576.jpeg 768w\" sizes=\"(max-width: 1280px) 100vw, 1280px\" \/><\/figure>\n\n\n\n<figure class=\"wp-block-image size-large\"><img decoding=\"async\" loading=\"lazy\" width=\"1280\" height=\"959\" data-id=\"7096\"  src=\"https:\/\/www.colegioaltamira.com.ar\/sitio\/wp-content\/uploads\/2025\/05\/WhatsApp-Image-2025-05-30-at-13.30.51.jpeg\" alt=\"\" class=\"wp-image-7096\" srcset=\"https:\/\/www.colegioaltamira.com.ar\/sitio\/wp-content\/uploads\/2025\/05\/WhatsApp-Image-2025-05-30-at-13.30.51.jpeg 1280w, https:\/\/www.colegioaltamira.com.ar\/sitio\/wp-content\/uploads\/2025\/05\/WhatsApp-Image-2025-05-30-at-13.30.51-1000x749.jpeg 1000w, https:\/\/www.colegioaltamira.com.ar\/sitio\/wp-content\/uploads\/2025\/05\/WhatsApp-Image-2025-05-30-at-13.30.51-768x575.jpeg 768w\" sizes=\"(max-width: 1280px) 100vw, 1280px\" \/><\/figure>\n<\/figure>\n","protected":false},"excerpt":{"rendered":"<p>En el marco del trabajo en la Red de Barrio Norte, de la que nuestra instituci\u00f3n forma parte, este viernes 30\/05 se realiz\u00f3 la 2da Jornada de Juventudes: \u201cJ\u00f3venes en acci\u00f3n, hablemos de lo que nos pasa\u201d. La misma se realiz\u00f3 en el complejo Jesuita Cardiel, y participaron los 2dos a\u00f1os de escuelas p\u00fablicas y &#8230; <a title=\"J\u00f3venes en Acci\u00f3n: hablemos de lo que nos pasa\" class=\"read-more\" href=\"https:\/\/www.colegioaltamira.com.ar\/sitio\/jovenes-en-accion-hablemos-de-lo-que-nos-pasa\/\" aria-label=\"More on J\u00f3venes en Acci\u00f3n: hablemos de lo que nos pasa\">[+]<\/a><\/p>\n","protected":false},"author":1434,"featured_media":7098,"comment_status":"open","ping_status":"open","sticky":false,"template":"","format":"standard","meta":[],"categories":[25,18,1],"tags":[],"acf":[],"_links":{"self":[{"href":"https:\/\/www.colegioaltamira.com.ar\/sitio\/wp-json\/wp\/v2\/posts\/7094"}],"collection":[{"href":"https:\/\/www.colegioaltamira.com.ar\/sitio\/wp-json\/wp\/v2\/posts"}],"about":[{"href":"https:\/\/www.colegioaltamira.com.ar\/sitio\/wp-json\/wp\/v2\/types\/post"}],"author":[{"embeddable":true,"href":"https:\/\/www.colegioaltamira.com.ar\/sitio\/wp-json\/wp\/v2\/users\/1434"}],"replies":[{"embeddable":true,"href":"https:\/\/www.colegioaltamira.com.ar\/sitio\/wp-json\/wp\/v2\/comments?post=7094"}],"version-history":[{"count":2,"href":"https:\/\/www.colegioaltamira.com.ar\/sitio\/wp-json\/wp\/v2\/posts\/7094\/revisions"}],"predecessor-version":[{"id":7101,"href":"https:\/\/www.colegioaltamira.com.ar\/sitio\/wp-json\/wp\/v2\/posts\/7094\/revisions\/7101"}],"wp:featuredmedia":[{"embeddable":true,"href":"https:\/\/www.colegioaltamira.com.ar\/sitio\/wp-json\/wp\/v2\/media\/7098"}],"wp:attachment":[{"href":"https:\/\/www.colegioaltamira.com.ar\/sitio\/wp-json\/wp\/v2\/media?parent=7094"}],"wp:term":[{"taxonomy":"category","embeddable":true,"href":"https:\/\/www.colegioaltamira.com.ar\/sitio\/wp-json\/wp\/v2\/categories?post=7094"},{"taxonomy":"post_tag","embeddable":true,"href":"https:\/\/www.colegioaltamira.com.ar\/sitio\/wp-json\/wp\/v2\/tags?post=7094"}],"curies":[{"name":"wp","href":"https:\/\/api.w.org\/{rel}","templated":true}]}}