{"id":3040,"date":"2022-04-21T17:17:09","date_gmt":"2022-04-21T20:17:09","guid":{"rendered":"https:\/\/www.colegioaltamira.com.ar\/sitio\/?p=3040"},"modified":"2022-04-21T17:56:28","modified_gmt":"2022-04-21T20:56:28","slug":"un-collage-de-actividades","status":"publish","type":"post","link":"https:\/\/www.colegioaltamira.com.ar\/sitio\/un-collage-de-actividades\/","title":{"rendered":"Un collage de actividades"},"content":{"rendered":"\n<p>Nivel primario nos acerca diferentes propuestas vinculadas a los proyectos dise\u00f1ados para el ciclo lectivo 2022.<\/p>\n\n\n\n<div class=\"wp-block-columns is-layout-flex wp-container-4\">\n<div class=\"wp-block-column is-layout-flow\">\n<p class=\"has-text-align-center\"><img decoding=\"async\" loading=\"lazy\" width=\"1280\" height=\"590\" class=\"wp-image-3041\" style=\"width: 190px;\" src=\"https:\/\/www.colegioaltamira.com.ar\/sitio\/wp-content\/uploads\/2022\/04\/IMG-20220420-WA0062.jpg\" alt=\"\" srcset=\"https:\/\/www.colegioaltamira.com.ar\/sitio\/wp-content\/uploads\/2022\/04\/IMG-20220420-WA0062.jpg 1280w, https:\/\/www.colegioaltamira.com.ar\/sitio\/wp-content\/uploads\/2022\/04\/IMG-20220420-WA0062-1000x461.jpg 1000w, https:\/\/www.colegioaltamira.com.ar\/sitio\/wp-content\/uploads\/2022\/04\/IMG-20220420-WA0062-768x354.jpg 768w\" sizes=\"(max-width: 1280px) 100vw, 1280px\" \/><\/p>\n\n\n\n<p>Los a\u00f1os 4\u00b0A y 4\u00b0B comenzaron a desarrollar una propuesta interdisciplinaria llamada \u00abProyectando Buenos Aires\u00bb cuyas materias involucradas son Cs Naturales, CS Sociales, PDL, forestaci\u00f3n, computaci\u00f3n, rob\u00f3tica, matem\u00e1tica y ajedrez.&nbsp;A trav\u00e9s de este proyecto se busca conocer en profundidad y&nbsp; producir contenido sobre la provincia de Buenos Aires reflexionando sobre sus caracter\u00edsticas, su poblaci\u00f3n, sus recursos, entre otras cuestiones.<img decoding=\"async\" loading=\"lazy\" width=\"1280\" height=\"897\" class=\"wp-image-3046\" style=\"width: 150px;\" src=\"https:\/\/www.colegioaltamira.com.ar\/sitio\/wp-content\/uploads\/2022\/04\/IMG-20220420-WA0075-1.jpg\" alt=\"\" srcset=\"https:\/\/www.colegioaltamira.com.ar\/sitio\/wp-content\/uploads\/2022\/04\/IMG-20220420-WA0075-1.jpg 1280w, https:\/\/www.colegioaltamira.com.ar\/sitio\/wp-content\/uploads\/2022\/04\/IMG-20220420-WA0075-1-1000x701.jpg 1000w, https:\/\/www.colegioaltamira.com.ar\/sitio\/wp-content\/uploads\/2022\/04\/IMG-20220420-WA0075-1-768x538.jpg 768w\" sizes=\"(max-width: 1280px) 100vw, 1280px\" \/><\/p>\n<\/div>\n\n\n\n<div class=\"wp-block-column is-layout-flow\">\n<p class=\"has-text-align-center\"><img decoding=\"async\" loading=\"lazy\" width=\"1280\" height=\"1280\" class=\"wp-image-3042\" style=\"width: 150px;\" src=\"https:\/\/www.colegioaltamira.com.ar\/sitio\/wp-content\/uploads\/2022\/04\/IMG-20220420-WA0000.jpg\" alt=\"\" srcset=\"https:\/\/www.colegioaltamira.com.ar\/sitio\/wp-content\/uploads\/2022\/04\/IMG-20220420-WA0000.jpg 1280w, https:\/\/www.colegioaltamira.com.ar\/sitio\/wp-content\/uploads\/2022\/04\/IMG-20220420-WA0000-1000x1000.jpg 1000w, https:\/\/www.colegioaltamira.com.ar\/sitio\/wp-content\/uploads\/2022\/04\/IMG-20220420-WA0000-500x500.jpg 500w, https:\/\/www.colegioaltamira.com.ar\/sitio\/wp-content\/uploads\/2022\/04\/IMG-20220420-WA0000-768x768.jpg 768w\" sizes=\"(max-width: 1280px) 100vw, 1280px\" \/><\/p>\n\n\n\n<p class=\"has-text-align-center\">Comenz\u00f3 a desarrollarse el taller \u00abA ser la paz\u00bb en 6\u00b0 a\u00f1o A y B coordinado por&nbsp; la docente y especialista en educaci\u00f3n por la paz&nbsp; M\u00f3nica Garay. A trav\u00e9s de este proyecto se busca promover la resoluci\u00f3n pac\u00edfica de conflictos, el respeto por el otro, la deconstrucci\u00f3n de conductas habituales y la reconfiguraci\u00f3n de valores en base a la cultura de la paz.&nbsp;<img decoding=\"async\" loading=\"lazy\" width=\"1280\" height=\"960\" class=\"wp-image-3045\" style=\"width: 150px;\" src=\"https:\/\/www.colegioaltamira.com.ar\/sitio\/wp-content\/uploads\/2022\/04\/IMG-20220406-WA0014.jpg\" alt=\"\" srcset=\"https:\/\/www.colegioaltamira.com.ar\/sitio\/wp-content\/uploads\/2022\/04\/IMG-20220406-WA0014.jpg 1280w, https:\/\/www.colegioaltamira.com.ar\/sitio\/wp-content\/uploads\/2022\/04\/IMG-20220406-WA0014-1000x750.jpg 1000w, https:\/\/www.colegioaltamira.com.ar\/sitio\/wp-content\/uploads\/2022\/04\/IMG-20220406-WA0014-768x576.jpg 768w\" sizes=\"(max-width: 1280px) 100vw, 1280px\" \/><\/p>\n<\/div>\n\n\n\n<div class=\"wp-block-column is-layout-flow\">\n<p class=\"has-text-align-center\"><img decoding=\"async\" loading=\"lazy\" width=\"1280\" height=\"960\" class=\"wp-image-3043\" style=\"width: 150px;\" src=\"https:\/\/www.colegioaltamira.com.ar\/sitio\/wp-content\/uploads\/2022\/04\/IMG-20220419-WA0043.jpg\" alt=\"\" srcset=\"https:\/\/www.colegioaltamira.com.ar\/sitio\/wp-content\/uploads\/2022\/04\/IMG-20220419-WA0043.jpg 1280w, https:\/\/www.colegioaltamira.com.ar\/sitio\/wp-content\/uploads\/2022\/04\/IMG-20220419-WA0043-1000x750.jpg 1000w, https:\/\/www.colegioaltamira.com.ar\/sitio\/wp-content\/uploads\/2022\/04\/IMG-20220419-WA0043-768x576.jpg 768w\" sizes=\"(max-width: 1280px) 100vw, 1280px\" \/><\/p>\n\n\n\n<p class=\"has-text-align-center\">Actividades de 2\u00b0 a\u00f1o en el Taller de Arte y Ecolog\u00eda vinculado con la obra de teatro Aprender a Aprender.\u00a0A trav\u00e9s de esta actividad se reflexion\u00f3 sobre contenidos de reciclaje, cuidado del medioambiente y de los recursos naturales. Tema abordado en la obra de teatro del grupo Gente de Madryn que nos visit\u00f3 el lunes.<img decoding=\"async\" loading=\"lazy\" width=\"1922\" height=\"2560\" class=\"wp-image-3044\" style=\"width: 150px;\" src=\"https:\/\/www.colegioaltamira.com.ar\/sitio\/wp-content\/uploads\/2022\/04\/IMG_20220419_132118-scaled.jpg\" alt=\"\" srcset=\"https:\/\/www.colegioaltamira.com.ar\/sitio\/wp-content\/uploads\/2022\/04\/IMG_20220419_132118-scaled.jpg 1922w, https:\/\/www.colegioaltamira.com.ar\/sitio\/wp-content\/uploads\/2022\/04\/IMG_20220419_132118-751x1000.jpg 751w, https:\/\/www.colegioaltamira.com.ar\/sitio\/wp-content\/uploads\/2022\/04\/IMG_20220419_132118-1427x1900.jpg 1427w, https:\/\/www.colegioaltamira.com.ar\/sitio\/wp-content\/uploads\/2022\/04\/IMG_20220419_132118-768x1023.jpg 768w, https:\/\/www.colegioaltamira.com.ar\/sitio\/wp-content\/uploads\/2022\/04\/IMG_20220419_132118-1153x1536.jpg 1153w, https:\/\/www.colegioaltamira.com.ar\/sitio\/wp-content\/uploads\/2022\/04\/IMG_20220419_132118-1538x2048.jpg 1538w\" sizes=\"(max-width: 1922px) 100vw, 1922px\" \/><\/p>\n<\/div>\n<\/div>\n","protected":false},"excerpt":{"rendered":"<p>Nivel primario nos acerca diferentes propuestas vinculadas a los proyectos dise\u00f1ados para el ciclo lectivo 2022. Los a\u00f1os 4\u00b0A y 4\u00b0B comenzaron a desarrollar una propuesta interdisciplinaria llamada \u00abProyectando Buenos Aires\u00bb cuyas materias involucradas son Cs Naturales, CS Sociales, PDL, forestaci\u00f3n, computaci\u00f3n, rob\u00f3tica, matem\u00e1tica y ajedrez.&nbsp;A trav\u00e9s de este proyecto se busca conocer en profundidad &#8230; <a title=\"Un collage de actividades\" class=\"read-more\" href=\"https:\/\/www.colegioaltamira.com.ar\/sitio\/un-collage-de-actividades\/\" aria-label=\"More on Un collage de actividades\">[+]<\/a><\/p>\n","protected":false},"author":68,"featured_media":3043,"comment_status":"open","ping_status":"open","sticky":false,"template":"","format":"standard","meta":[],"categories":[9],"tags":[26],"acf":[],"_links":{"self":[{"href":"https:\/\/www.colegioaltamira.com.ar\/sitio\/wp-json\/wp\/v2\/posts\/3040"}],"collection":[{"href":"https:\/\/www.colegioaltamira.com.ar\/sitio\/wp-json\/wp\/v2\/posts"}],"about":[{"href":"https:\/\/www.colegioaltamira.com.ar\/sitio\/wp-json\/wp\/v2\/types\/post"}],"author":[{"embeddable":true,"href":"https:\/\/www.colegioaltamira.com.ar\/sitio\/wp-json\/wp\/v2\/users\/68"}],"replies":[{"embeddable":true,"href":"https:\/\/www.colegioaltamira.com.ar\/sitio\/wp-json\/wp\/v2\/comments?post=3040"}],"version-history":[{"count":2,"href":"https:\/\/www.colegioaltamira.com.ar\/sitio\/wp-json\/wp\/v2\/posts\/3040\/revisions"}],"predecessor-version":[{"id":3049,"href":"https:\/\/www.colegioaltamira.com.ar\/sitio\/wp-json\/wp\/v2\/posts\/3040\/revisions\/3049"}],"wp:featuredmedia":[{"embeddable":true,"href":"https:\/\/www.colegioaltamira.com.ar\/sitio\/wp-json\/wp\/v2\/media\/3043"}],"wp:attachment":[{"href":"https:\/\/www.colegioaltamira.com.ar\/sitio\/wp-json\/wp\/v2\/media?parent=3040"}],"wp:term":[{"taxonomy":"category","embeddable":true,"href":"https:\/\/www.colegioaltamira.com.ar\/sitio\/wp-json\/wp\/v2\/categories?post=3040"},{"taxonomy":"post_tag","embeddable":true,"href":"https:\/\/www.colegioaltamira.com.ar\/sitio\/wp-json\/wp\/v2\/tags?post=3040"}],"curies":[{"name":"wp","href":"https:\/\/api.w.org\/{rel}","templated":true}]}}