{"id":1680,"date":"2019-04-16T14:29:22","date_gmt":"2019-04-16T17:29:22","guid":{"rendered":"https:\/\/www.colegioaltamira.com.ar\/sitio\/?p=1680"},"modified":"2019-04-16T14:35:30","modified_gmt":"2019-04-16T17:35:30","slug":"convocatoria-a-asamblea-a-los-socios-de-la-asociacion-escolar-argentino-danesa-2","status":"publish","type":"post","link":"https:\/\/www.colegioaltamira.com.ar\/sitio\/convocatoria-a-asamblea-a-los-socios-de-la-asociacion-escolar-argentino-danesa-2\/","title":{"rendered":"Convocatoria a Asamblea a los socios de la ASOCIACI\u00d3N ESCOLAR ARGENTINO DANESA"},"content":{"rendered":"<p><u>CONVOCATORIA<\/u><\/p>\n<p><u>\u00a0<\/u><\/p>\n<p>De acuerdo con las disposiciones legales y estatutarias vigentes, citase a Asamblea General Ordinaria a loa socios de la ASOCIACION. ESCOLAR ARGENTINO DANESA\u00a0 a realizarse el d\u00eda 26 de Abril del 2019 a las 19:30 hs. en primera convocatoria y a las 20 hs. en segunda convocatoria, en su local social de avenida 43 n\u00b0 2920 de la ciudad de Necochea para considerar el siguiente:<\/p>\n<p><u>ORDEN DEL DIA:<\/u><\/p>\n<p>1) Designaci\u00f3n de (2) asamble\u00edstas para firmar el acta de la Asamblea conjuntamente con el presidente y secretaria.<\/p>\n<p>2) Consideraci\u00f3n de la Memoria, Balance General, Cuadro de Gastos y Recursos, Estado de Flujo de Efectivo, Inventario e Informe de la Comisi\u00f3n Revisora de Cuentas correspondiente al ejercicio n\u00b0 24 cerrado el 31 de Diciembre de 2018.<\/p>\n<p>3) Designaci\u00f3n de la Junta Escrutadora de Votos.<\/p>\n<p>4) A) Elecci\u00f3n para la Comisi\u00f3n Directiva de tres (3) Miembros Titulares por dos (2) a\u00f1os en reemplazo de Eseverri Ana Julia, Rasmussen Cristian, Rodr\u00edguez Daniel Ra\u00fal, todos por finalizaci\u00f3n de sus mandatos.<\/p>\n<p>Reemplazo de un (1) Miembro Titular por renuncia al cargo, Valla Juan Juli\u00e1n.<\/p>\n<p>Dos (2) Vocales Titulares por Dos (2) a\u00f1os en reemplazo de Tabares Jos\u00e9 Antonio, Zubiaurre Mar\u00eda Marta ambos por terminaci\u00f3n de sus mandatos, y de dos (2) vocales suplentes por un (1) a\u00f1o en reemplazo de \u00a0\u00a0Basualdo Marcos Gerardo, Larsen Guillermo, ambos por finalizaci\u00f3n de sus mandatos.<\/p>\n<ol>\n<li>B) Elecci\u00f3n de dos (2) Miembros Revisores de Cuentas Titulares por Dos (2) a\u00f1os en reemplazo de Buss Alfredo, Echaveguren Mariano Hip\u00f3lito.<\/li>\n<\/ol>\n<p>Elecci\u00f3n para la Comisi\u00f3n Revisora de Cuentas de un Miembro Suplente por un (1) a\u00f1o en reemplazo de Gim\u00e9nez Marchal Cintia por terminaci\u00f3n de su mandato.<\/p>\n<p>&nbsp;<\/p>\n<p>Liliana Alicia Montalivet\u00a0\u00a0\u00a0\u00a0\u00a0\u00a0\u00a0\u00a0\u00a0\u00a0\u00a0\u00a0\u00a0\u00a0\u00a0\u00a0\u00a0\u00a0\u00a0\u00a0\u00a0\u00a0\u00a0\u00a0\u00a0\u00a0\u00a0\u00a0\u00a0\u00a0\u00a0\u00a0\u00a0\u00a0\u00a0\u00a0\u00a0\u00a0\u00a0\u00a0\u00a0\u00a0\u00a0\u00a0\u00a0\u00a0\u00a0\u00a0\u00a0\u00a0\u00a0\u00a0\u00a0\u00a0\u00a0\u00a0\u00a0\u00a0\u00a0\u00a0\u00a0\u00a0 Mar\u00eda del Carmen Montalivet<\/p>\n<p>Secretaria \u00a0\u00a0\u00a0\u00a0\u00a0\u00a0\u00a0\u00a0\u00a0\u00a0\u00a0\u00a0\u00a0\u00a0\u00a0\u00a0\u00a0\u00a0\u00a0\u00a0\u00a0\u00a0\u00a0\u00a0\u00a0\u00a0\u00a0\u00a0\u00a0\u00a0\u00a0\u00a0\u00a0\u00a0\u00a0\u00a0\u00a0\u00a0\u00a0\u00a0\u00a0\u00a0\u00a0\u00a0\u00a0\u00a0\u00a0\u00a0\u00a0\u00a0\u00a0\u00a0\u00a0\u00a0\u00a0\u00a0\u00a0\u00a0\u00a0\u00a0\u00a0\u00a0\u00a0\u00a0\u00a0\u00a0\u00a0\u00a0\u00a0\u00a0\u00a0\u00a0 \u00a0\u00a0\u00a0\u00a0\u00a0\u00a0\u00a0\u00a0\u00a0\u00a0\u00a0\u00a0\u00a0\u00a0\u00a0 Presidenta<\/p>\n<p>&nbsp;<\/p>\n<p>&nbsp;<\/p>\n","protected":false},"excerpt":{"rendered":"<p>CONVOCATORIA \u00a0 De acuerdo con las disposiciones legales y estatutarias vigentes, citase a Asamblea General Ordinaria a loa socios de la ASOCIACION. ESCOLAR ARGENTINO DANESA\u00a0 a realizarse el d\u00eda 26 de Abril del 2019 a las 19:30 hs. en primera convocatoria y a las 20 hs. en segunda convocatoria, en su local social de avenida &#8230; <a title=\"Convocatoria a Asamblea a los socios de la ASOCIACI\u00d3N ESCOLAR ARGENTINO DANESA\" class=\"read-more\" href=\"https:\/\/www.colegioaltamira.com.ar\/sitio\/convocatoria-a-asamblea-a-los-socios-de-la-asociacion-escolar-argentino-danesa-2\/\" aria-label=\"More on Convocatoria a Asamblea a los socios de la ASOCIACI\u00d3N ESCOLAR ARGENTINO DANESA\">[+]<\/a><\/p>\n","protected":false},"author":1434,"featured_media":0,"comment_status":"open","ping_status":"open","sticky":false,"template":"","format":"standard","meta":[],"categories":[25,23],"tags":[],"acf":[],"_links":{"self":[{"href":"https:\/\/www.colegioaltamira.com.ar\/sitio\/wp-json\/wp\/v2\/posts\/1680"}],"collection":[{"href":"https:\/\/www.colegioaltamira.com.ar\/sitio\/wp-json\/wp\/v2\/posts"}],"about":[{"href":"https:\/\/www.colegioaltamira.com.ar\/sitio\/wp-json\/wp\/v2\/types\/post"}],"author":[{"embeddable":true,"href":"https:\/\/www.colegioaltamira.com.ar\/sitio\/wp-json\/wp\/v2\/users\/1434"}],"replies":[{"embeddable":true,"href":"https:\/\/www.colegioaltamira.com.ar\/sitio\/wp-json\/wp\/v2\/comments?post=1680"}],"version-history":[{"count":2,"href":"https:\/\/www.colegioaltamira.com.ar\/sitio\/wp-json\/wp\/v2\/posts\/1680\/revisions"}],"predecessor-version":[{"id":1682,"href":"https:\/\/www.colegioaltamira.com.ar\/sitio\/wp-json\/wp\/v2\/posts\/1680\/revisions\/1682"}],"wp:attachment":[{"href":"https:\/\/www.colegioaltamira.com.ar\/sitio\/wp-json\/wp\/v2\/media?parent=1680"}],"wp:term":[{"taxonomy":"category","embeddable":true,"href":"https:\/\/www.colegioaltamira.com.ar\/sitio\/wp-json\/wp\/v2\/categories?post=1680"},{"taxonomy":"post_tag","embeddable":true,"href":"https:\/\/www.colegioaltamira.com.ar\/sitio\/wp-json\/wp\/v2\/tags?post=1680"}],"curies":[{"name":"wp","href":"https:\/\/api.w.org\/{rel}","templated":true}]}}